
{"id":43464,"date":"2014-10-13T09:52:15","date_gmt":"2014-10-13T12:52:15","guid":{"rendered":"http:\/\/www.sudoestehoje.com.br\/novoportal\/?p=43464"},"modified":"2014-10-13T09:52:15","modified_gmt":"2014-10-13T12:52:15","slug":"pmdb-ja-acena-para-uma-composicao-com-aecio-no-congresso","status":"publish","type":"post","link":"https:\/\/www.sudoestehoje.com.br\/novoportal\/2014\/10\/13\/pmdb-ja-acena-para-uma-composicao-com-aecio-no-congresso\/","title":{"rendered":"PMDB J\u00c1 ACENA PARA UMA COMPOSI\u00c7\u00c3O COM A\u00c9CIO NO CONGRESSO"},"content":{"rendered":"<p><a href=\"http:\/\/www.sudoestehoje.com.br\/novoportal\/wp-content\/uploads\/2014\/10\/tucano-do-PMDB.jpg\"><img loading=\"lazy\" decoding=\"async\" class=\"wp-image-43465 alignleft\" src=\"http:\/\/www.sudoestehoje.com.br\/novoportal\/wp-content\/uploads\/2014\/10\/tucano-do-PMDB.jpg\" alt=\"tucano-do-PMDB\" width=\"225\" height=\"276\" srcset=\"https:\/\/www.sudoestehoje.com.br\/novoportal\/wp-content\/uploads\/2014\/10\/tucano-do-PMDB.jpg 347w, https:\/\/www.sudoestehoje.com.br\/novoportal\/wp-content\/uploads\/2014\/10\/tucano-do-PMDB-122x150.jpg 122w\" sizes=\"auto, (max-width: 225px) 100vw, 225px\" \/><\/a><\/p>\n<p>Integrante da chapa da presidente Dilma Rousseff (PT) e considerado como fiel da balan\u00e7a para a composi\u00e7\u00e3o de uma maioria no Congresso, o PMDB j\u00e1 sinaliza para uma composi\u00e7\u00e3o na C\u00e2mara com o PSDB, num eventual governo do candidato A\u00e9cio Neves.\u00a0&#8220;N\u00e3o vejo dificuldade nenhuma de se posicionar em apoio a um futuro governo A\u00e9cio&#8221;, afirmou ao Estado o l\u00edder do partido na C\u00e2mara, Eduardo Cunha (RJ), reeleito no \u00faltimo dia 5 de outubro.<\/p>\n<p>O primeiro sinal nesse sentido ser\u00e1 dado nesta segunda-feira, 13, quando a bancada deve se reunir em Bras\u00edlia para discutir se tomar\u00e1 alguma posi\u00e7\u00e3o oficial neste segundo turno da corrida presidencial, entre A\u00e9cio e a presidente e candidata \u00e0 reelei\u00e7\u00e3o, Dilma Rousseff (PT).<\/p>\n<p>Ao contr\u00e1rio da dire\u00e7\u00e3o nacional da legenda, presidida por Michel Temer, vice da petista, a op\u00e7\u00e3o que deve prevalecer \u00e9 a da neutralidade. &#8220;A bancada est\u00e1 literalmente dividida e por isso n\u00e3o tenho que me posicionar. Eu almejo continuar como l\u00edder e, se eu quero isso, tenho que satisfazer a bancada&#8221;, ressaltou o deputado. Segundo ele, a divis\u00e3o da bancada reflete a divis\u00e3o do PMDB nacional.<!--more--><\/p>\n<p>Cotado para a disputa pela presid\u00eancia da C\u00e2mara em 2015, posto cuja posi\u00e7\u00e3o do presidente eleito no dia 26 dever\u00e1 ser determinante, Cunha evita se posicionar individualmente sobre a corrida presidencial. Mas afirma que A\u00e9cio representa mais o desejo de mudan\u00e7a da popula\u00e7\u00e3o.\u00a0&#8220;O que vai decidir \u00e9 que existe um desejo de mudan\u00e7a e esse desejo tem sido expressado pelos n\u00fameros do A\u00e9cio, que representa a rejei\u00e7\u00e3o a ela. Tem que levar em conta que quem \u00e9 Dilma, j\u00e1 votou na Dilma, ou seja, ela agrega muito pouco para o segundo turno. Agora, qualquer mudan\u00e7a se dar\u00e1 no debate&#8221;.<\/p>\n<p>Segundo Cunha, se Dilma for reeleita, a posi\u00e7\u00e3o do partido ter\u00e1 de ser avaliada. &#8220;N\u00e3o deixamos de integrar a base do governo, mas optamos pela independ\u00eancia. Tanto que n\u00e3o indicamos nomes para substituir ministros. Essa nossa postura vai ter que ser conversada porque \u00e9 uma decis\u00e3o inclusive de quem vota na Dilma&#8221;, ressaltou.\u00a0Um eventual apoio do PMDB ampliaria a base parlamentar de A\u00e9cio, que vem crescendo com os apoios que tem recebido nos \u00faltimos dias.<\/p>\n<p>Somando-se a coliga\u00e7\u00e3o de A\u00e9cio com os peemedebistas e os partidos que declararam apoio ao tucano nos \u00faltimos dias, como os da coliga\u00e7\u00e3o presidencial da candidata derrotada Marina Silva (PSB, PPS, PPL, PRP, PHS e PLS), o PV de Eduardo Jorge e o PSC de Pastor Everaldo, ela chegaria a 232 dos 513 deputados. Sua coliga\u00e7\u00e3o elegeu 138 deputados.<\/p>\n","protected":false},"excerpt":{"rendered":"<p>Integrante da chapa da presidente Dilma Rousseff (PT) e considerado como fiel da balan\u00e7a para a composi\u00e7\u00e3o de uma maioria no Congresso, o PMDB j\u00e1 sinaliza para uma composi\u00e7\u00e3o na C\u00e2mara com o PSDB, num eventual governo do candidato A\u00e9cio Neves.\u00a0&#8220;N\u00e3o vejo dificuldade nenhuma de se posicionar em apoio a um futuro governo A\u00e9cio&#8221;, afirmou [&hellip;]<\/p>\n","protected":false},"author":2,"featured_media":0,"comment_status":"open","ping_status":"open","sticky":false,"template":"","format":"standard","meta":{"footnotes":"","_links_to":"","_links_to_target":""},"categories":[1],"tags":[],"class_list":["post-43464","post","type-post","status-publish","format-standard","hentry","category-geral"],"views":1152,"_links":{"self":[{"href":"https:\/\/www.sudoestehoje.com.br\/novoportal\/wp-json\/wp\/v2\/posts\/43464","targetHints":{"allow":["GET"]}}],"collection":[{"href":"https:\/\/www.sudoestehoje.com.br\/novoportal\/wp-json\/wp\/v2\/posts"}],"about":[{"href":"https:\/\/www.sudoestehoje.com.br\/novoportal\/wp-json\/wp\/v2\/types\/post"}],"author":[{"embeddable":true,"href":"https:\/\/www.sudoestehoje.com.br\/novoportal\/wp-json\/wp\/v2\/users\/2"}],"replies":[{"embeddable":true,"href":"https:\/\/www.sudoestehoje.com.br\/novoportal\/wp-json\/wp\/v2\/comments?post=43464"}],"version-history":[{"count":1,"href":"https:\/\/www.sudoestehoje.com.br\/novoportal\/wp-json\/wp\/v2\/posts\/43464\/revisions"}],"predecessor-version":[{"id":43466,"href":"https:\/\/www.sudoestehoje.com.br\/novoportal\/wp-json\/wp\/v2\/posts\/43464\/revisions\/43466"}],"wp:attachment":[{"href":"https:\/\/www.sudoestehoje.com.br\/novoportal\/wp-json\/wp\/v2\/media?parent=43464"}],"wp:term":[{"taxonomy":"category","embeddable":true,"href":"https:\/\/www.sudoestehoje.com.br\/novoportal\/wp-json\/wp\/v2\/categories?post=43464"},{"taxonomy":"post_tag","embeddable":true,"href":"https:\/\/www.sudoestehoje.com.br\/novoportal\/wp-json\/wp\/v2\/tags?post=43464"}],"curies":[{"name":"wp","href":"https:\/\/api.w.org\/{rel}","templated":true}]}}