
{"id":43443,"date":"2014-10-11T08:50:11","date_gmt":"2014-10-11T11:50:11","guid":{"rendered":"http:\/\/www.sudoestehoje.com.br\/novoportal\/?p=43443"},"modified":"2014-10-11T08:50:11","modified_gmt":"2014-10-11T11:50:11","slug":"bahia-perde-terras-para-goias-em-processo-que-correu-a-revelia","status":"publish","type":"post","link":"https:\/\/www.sudoestehoje.com.br\/novoportal\/2014\/10\/11\/bahia-perde-terras-para-goias-em-processo-que-correu-a-revelia\/","title":{"rendered":"BAHIA PERDE TERRAS PARA GOI\u00c1S EM PROCESSO QUE CORREU \u00c0 REVELIA"},"content":{"rendered":"<div id=\"attachment_43444\" style=\"width: 510px\" class=\"wp-caption aligncenter\"><a href=\"http:\/\/www.sudoestehoje.com.br\/novoportal\/wp-content\/uploads\/2014\/10\/DIVISA-GOIAS.jpg\"><img loading=\"lazy\" decoding=\"async\" aria-describedby=\"caption-attachment-43444\" class=\"size-medium wp-image-43444\" src=\"http:\/\/www.sudoestehoje.com.br\/novoportal\/wp-content\/uploads\/2014\/10\/DIVISA-GOIAS-500x375.jpg\" alt=\"Na nova divisa, o Estado de Goi\u00e1s vai avan\u00e7ar nas terras agricult\u00e1veis da Bahia, ocupando uma \u00e1rea equivalente a 42 mil e 300 hectares. O PIB da  Bahia perder\u00e1 R$ 3 bilh\u00f5es.\" width=\"500\" height=\"375\" srcset=\"https:\/\/www.sudoestehoje.com.br\/novoportal\/wp-content\/uploads\/2014\/10\/DIVISA-GOIAS-500x375.jpg 500w, https:\/\/www.sudoestehoje.com.br\/novoportal\/wp-content\/uploads\/2014\/10\/DIVISA-GOIAS-700x525.jpg 700w, https:\/\/www.sudoestehoje.com.br\/novoportal\/wp-content\/uploads\/2014\/10\/DIVISA-GOIAS-150x112.jpg 150w, https:\/\/www.sudoestehoje.com.br\/novoportal\/wp-content\/uploads\/2014\/10\/DIVISA-GOIAS.jpg 1024w\" sizes=\"auto, (max-width: 500px) 100vw, 500px\" \/><\/a><p id=\"caption-attachment-43444\" class=\"wp-caption-text\">Na nova divisa, o Estado de Goi\u00e1s vai avan\u00e7ar nas terras agricult\u00e1veis da Bahia, ocupando uma \u00e1rea equivalente a 42 mil e 300 hectares. O PIB da Bahia perder\u00e1 R$ 3 bilh\u00f5es.<\/p><\/div>\n<p>O Estado da Bahia perdeu terras para Goi\u00e1s decis\u00e3o desfavor\u00e1vel emitida pelo Supremo Tribunal Federal nesta quarta-feira (8), segundo informa\u00e7\u00f5es da coluna Tempo Presente, do jornal A Tarde. De acordo com a coluna, a a\u00e7\u00e3o foi perdida porque nenhum representante do Estado, autor do processo, compareceu ao julgamento.<\/p>\n<p>Com a senten\u00e7a, a divisa com Goi\u00e1s tomar\u00e1 como refer\u00eancia o \u201cdivisor de \u00e1guas\u201d, ou seja, os rios da regi\u00e3o, e n\u00e3o a escarpa da Serra Geral, como apontava a Bahia. Ainda de acordo com a coluna, nas terras com lit\u00edgio por ter propriet\u00e1rios baianos e goianos, ganhar\u00e1 a causa quem buscou a Justi\u00e7a primeiro.<\/p>\n<p>Em entrevista \u00e0 Tempo Presente, o presidente da Uni\u00e3o de Munic\u00edpios do Oeste da Bahia, S\u00e9rgio Pitt, afirmou que \u201cmuitas dessas a\u00e7\u00f5es deram entrada na Justi\u00e7a de Goi\u00e1s e correram \u00e0 revelia dos que julgavam estar na Bahia\u201d. Pitt ainda afirmou que a demarca\u00e7\u00e3o por divisor de \u00e1guas foi feita pelo Ex\u00e9rcito e que \u201ca Bahia n\u00e3o indicou sequer um assistente de per\u00edcia\u201d. \u00a0<a href=\"http:\/\/www.dinomarmiranda.com\/2014\/10\/goias-vence-disputa-por-terras-vao.html\">CONFIRA MAT\u00c9RIA DO DI\u00c1RIO DA MANH\u00c3, DE GOI\u00c1S<\/a><\/p>\n<p>&nbsp;<\/p>\n","protected":false},"excerpt":{"rendered":"<p>O Estado da Bahia perdeu terras para Goi\u00e1s decis\u00e3o desfavor\u00e1vel emitida pelo Supremo Tribunal Federal nesta quarta-feira (8), segundo informa\u00e7\u00f5es da coluna Tempo Presente, do jornal A Tarde. De acordo com a coluna, a a\u00e7\u00e3o foi perdida porque nenhum representante do Estado, autor do processo, compareceu ao julgamento. Com a senten\u00e7a, a divisa com Goi\u00e1s [&hellip;]<\/p>\n","protected":false},"author":2,"featured_media":0,"comment_status":"open","ping_status":"open","sticky":false,"template":"","format":"standard","meta":{"footnotes":"","_links_to":"","_links_to_target":""},"categories":[1],"tags":[],"class_list":["post-43443","post","type-post","status-publish","format-standard","hentry","category-geral"],"views":4384,"_links":{"self":[{"href":"https:\/\/www.sudoestehoje.com.br\/novoportal\/wp-json\/wp\/v2\/posts\/43443","targetHints":{"allow":["GET"]}}],"collection":[{"href":"https:\/\/www.sudoestehoje.com.br\/novoportal\/wp-json\/wp\/v2\/posts"}],"about":[{"href":"https:\/\/www.sudoestehoje.com.br\/novoportal\/wp-json\/wp\/v2\/types\/post"}],"author":[{"embeddable":true,"href":"https:\/\/www.sudoestehoje.com.br\/novoportal\/wp-json\/wp\/v2\/users\/2"}],"replies":[{"embeddable":true,"href":"https:\/\/www.sudoestehoje.com.br\/novoportal\/wp-json\/wp\/v2\/comments?post=43443"}],"version-history":[{"count":1,"href":"https:\/\/www.sudoestehoje.com.br\/novoportal\/wp-json\/wp\/v2\/posts\/43443\/revisions"}],"predecessor-version":[{"id":43445,"href":"https:\/\/www.sudoestehoje.com.br\/novoportal\/wp-json\/wp\/v2\/posts\/43443\/revisions\/43445"}],"wp:attachment":[{"href":"https:\/\/www.sudoestehoje.com.br\/novoportal\/wp-json\/wp\/v2\/media?parent=43443"}],"wp:term":[{"taxonomy":"category","embeddable":true,"href":"https:\/\/www.sudoestehoje.com.br\/novoportal\/wp-json\/wp\/v2\/categories?post=43443"},{"taxonomy":"post_tag","embeddable":true,"href":"https:\/\/www.sudoestehoje.com.br\/novoportal\/wp-json\/wp\/v2\/tags?post=43443"}],"curies":[{"name":"wp","href":"https:\/\/api.w.org\/{rel}","templated":true}]}}