
{"id":43391,"date":"2014-10-09T22:27:52","date_gmt":"2014-10-10T01:27:52","guid":{"rendered":"http:\/\/www.sudoestehoje.com.br\/novoportal\/?p=43391"},"modified":"2014-10-09T22:27:52","modified_gmt":"2014-10-10T01:27:52","slug":"ao-lado-de-collor-dilma-promete-combate-sem-tregua-a-corrupcao","status":"publish","type":"post","link":"https:\/\/www.sudoestehoje.com.br\/novoportal\/2014\/10\/09\/ao-lado-de-collor-dilma-promete-combate-sem-tregua-a-corrupcao\/","title":{"rendered":"AO LADO DE COLLOR, DILMA PROMETE &#8220;COMBATE SEM TR\u00c9GUA&#8221; \u00c0 CORRUP\u00c7\u00c3O"},"content":{"rendered":"<p><a href=\"http:\/\/www.sudoestehoje.com.br\/novoportal\/wp-content\/uploads\/2014\/10\/dilma-e-collor.jpeg\"><img loading=\"lazy\" decoding=\"async\" class=\"aligncenter size-medium wp-image-43392\" src=\"http:\/\/www.sudoestehoje.com.br\/novoportal\/wp-content\/uploads\/2014\/10\/dilma-e-collor-500x343.jpeg\" alt=\"dilma e collor\" width=\"500\" height=\"343\" srcset=\"https:\/\/www.sudoestehoje.com.br\/novoportal\/wp-content\/uploads\/2014\/10\/dilma-e-collor-500x343.jpeg 500w, https:\/\/www.sudoestehoje.com.br\/novoportal\/wp-content\/uploads\/2014\/10\/dilma-e-collor-150x102.jpeg 150w, https:\/\/www.sudoestehoje.com.br\/novoportal\/wp-content\/uploads\/2014\/10\/dilma-e-collor.jpeg 635w\" sizes=\"auto, (max-width: 500px) 100vw, 500px\" \/><\/a><\/p>\n<p>Ao lado do governador eleito Renan Filho (PMDB), filho do presidente do Senado, Renan Calheiros (PMDB), e do senador reeleito Fernando Collor (PTB), a presidente Dilma Rousseff disse nesta quinta-feira (9) em Macei\u00f3 (AL) que o governo dela &#8220;n\u00e3o varre corrup\u00e7\u00e3o para baixo do tapete&#8221;.<\/p>\n<p>Na capital alagoana, Dilma encerrou seu p\u00e9riplo de dois dias por cinco Estados nordestinos. Antes de chegar a Alagoas, ela passou nesta quinta por Bahia e Sergipe. Na quarta-feira (8), esteve no Piau\u00ed e na Para\u00edba.<\/p>\n<p>Candidata \u00e0 reelei\u00e7\u00e3o, Dilma cumprimentou Renan Filho, eleito no primeiro turno com 52% dos votos, e Collor, reeleito com 56% dos votos para o Senado. O senador e ex-presidente da Rep\u00fablica, no entanto, n\u00e3o foi convidado a discursar.<\/p>\n<p>Dilma disse que seu governo tem como princ\u00edpio o &#8220;combate sem d\u00f3 \u00e0 corrup\u00e7\u00e3o, doa a quem doer&#8221;.<\/p>\n<p>&#8220;O meu governo n\u00e3o varre a corrup\u00e7\u00e3o para baixo do tapete. E o combate a ela tem que ser sem tr\u00e9guas&#8221;, disse a presidente ao lado dos pol\u00edticos cujas fam\u00edlias j\u00e1 se envolveram em diferentes esc\u00e2ndalos.<\/p>\n","protected":false},"excerpt":{"rendered":"<p>Ao lado do governador eleito Renan Filho (PMDB), filho do presidente do Senado, Renan Calheiros (PMDB), e do senador reeleito Fernando Collor (PTB), a presidente Dilma Rousseff disse nesta quinta-feira (9) em Macei\u00f3 (AL) que o governo dela &#8220;n\u00e3o varre corrup\u00e7\u00e3o para baixo do tapete&#8221;. Na capital alagoana, Dilma encerrou seu p\u00e9riplo de dois dias [&hellip;]<\/p>\n","protected":false},"author":2,"featured_media":0,"comment_status":"open","ping_status":"open","sticky":false,"template":"","format":"standard","meta":{"footnotes":"","_links_to":"","_links_to_target":""},"categories":[1],"tags":[],"class_list":["post-43391","post","type-post","status-publish","format-standard","hentry","category-geral"],"views":1269,"_links":{"self":[{"href":"https:\/\/www.sudoestehoje.com.br\/novoportal\/wp-json\/wp\/v2\/posts\/43391","targetHints":{"allow":["GET"]}}],"collection":[{"href":"https:\/\/www.sudoestehoje.com.br\/novoportal\/wp-json\/wp\/v2\/posts"}],"about":[{"href":"https:\/\/www.sudoestehoje.com.br\/novoportal\/wp-json\/wp\/v2\/types\/post"}],"author":[{"embeddable":true,"href":"https:\/\/www.sudoestehoje.com.br\/novoportal\/wp-json\/wp\/v2\/users\/2"}],"replies":[{"embeddable":true,"href":"https:\/\/www.sudoestehoje.com.br\/novoportal\/wp-json\/wp\/v2\/comments?post=43391"}],"version-history":[{"count":1,"href":"https:\/\/www.sudoestehoje.com.br\/novoportal\/wp-json\/wp\/v2\/posts\/43391\/revisions"}],"predecessor-version":[{"id":43393,"href":"https:\/\/www.sudoestehoje.com.br\/novoportal\/wp-json\/wp\/v2\/posts\/43391\/revisions\/43393"}],"wp:attachment":[{"href":"https:\/\/www.sudoestehoje.com.br\/novoportal\/wp-json\/wp\/v2\/media?parent=43391"}],"wp:term":[{"taxonomy":"category","embeddable":true,"href":"https:\/\/www.sudoestehoje.com.br\/novoportal\/wp-json\/wp\/v2\/categories?post=43391"},{"taxonomy":"post_tag","embeddable":true,"href":"https:\/\/www.sudoestehoje.com.br\/novoportal\/wp-json\/wp\/v2\/tags?post=43391"}],"curies":[{"name":"wp","href":"https:\/\/api.w.org\/{rel}","templated":true}]}}