
{"id":43385,"date":"2014-10-09T22:08:58","date_gmt":"2014-10-10T01:08:58","guid":{"rendered":"http:\/\/www.sudoestehoje.com.br\/novoportal\/?p=43385"},"modified":"2014-10-09T22:11:47","modified_gmt":"2014-10-10T01:11:47","slug":"saae-e-comutran-sem-papel-higienico","status":"publish","type":"post","link":"https:\/\/www.sudoestehoje.com.br\/novoportal\/2014\/10\/09\/saae-e-comutran-sem-papel-higienico\/","title":{"rendered":"SAAE E COMUTRAN SEM PAPEL HIGI\u00caNICO"},"content":{"rendered":"<p><a href=\"http:\/\/www.sudoestehoje.com.br\/novoportal\/wp-content\/uploads\/2014\/10\/papel-hig.jpg\"><img loading=\"lazy\" decoding=\"async\" class=\"aligncenter size-medium wp-image-43386\" src=\"http:\/\/www.sudoestehoje.com.br\/novoportal\/wp-content\/uploads\/2014\/10\/papel-hig-500x333.jpg\" alt=\"papel hig\" width=\"500\" height=\"333\" srcset=\"https:\/\/www.sudoestehoje.com.br\/novoportal\/wp-content\/uploads\/2014\/10\/papel-hig-500x333.jpg 500w, https:\/\/www.sudoestehoje.com.br\/novoportal\/wp-content\/uploads\/2014\/10\/papel-hig-150x100.jpg 150w, https:\/\/www.sudoestehoje.com.br\/novoportal\/wp-content\/uploads\/2014\/10\/papel-hig.jpg 595w\" sizes=\"auto, (max-width: 500px) 100vw, 500px\" \/><\/a><\/p>\n<p>Surfando na onda de Lula e Dilma, o prefeito de Itapetinga, Jos\u00e9 Carlos Moura (PT), aderiu ao <em>&#8216;chavismo&#8217;<\/em> da Venezuela, pa\u00eds onde falta de tudo nos supermercados.<\/p>\n<p>Como primeira medida, foi cortado o suprimento de papel higi\u00eanico em alguns \u00f3rg\u00e3os da administra\u00e7\u00e3o municipal, a exemplo do SAAE e Comutran, por culpa do fornecedor oficial da prefeitura, o famoso &#8216;Biscoiteiro&#8217;, que recebe os pagamentos mas n\u00e3o faz a entrega dos g\u00eaneros, no prazo estipulado.<\/p>\n<p>Segundo uma fonte ligadas ao SAAE, o diretor da autarquia municipal est\u00e1 muito preocupado, pois sem papel higi\u00eanico fica dif\u00edcil limpar a sua <em>&#8216;grande obra&#8217;<\/em> dentro da reparti\u00e7\u00e3o.<\/p>\n<p>Essa a\u00ed vai feder&#8230;<\/p>\n<p><strong><em>Por Davi Ferraz\u00a0<\/em><\/strong><\/p>\n","protected":false},"excerpt":{"rendered":"<p>Surfando na onda de Lula e Dilma, o prefeito de Itapetinga, Jos\u00e9 Carlos Moura (PT), aderiu ao &#8216;chavismo&#8217; da Venezuela, pa\u00eds onde falta de tudo nos supermercados. Como primeira medida, foi cortado o suprimento de papel higi\u00eanico em alguns \u00f3rg\u00e3os da administra\u00e7\u00e3o municipal, a exemplo do SAAE e Comutran, por culpa do fornecedor oficial da [&hellip;]<\/p>\n","protected":false},"author":2,"featured_media":0,"comment_status":"open","ping_status":"open","sticky":false,"template":"","format":"standard","meta":{"footnotes":"","_links_to":"","_links_to_target":""},"categories":[1],"tags":[],"class_list":["post-43385","post","type-post","status-publish","format-standard","hentry","category-geral"],"views":3046,"_links":{"self":[{"href":"https:\/\/www.sudoestehoje.com.br\/novoportal\/wp-json\/wp\/v2\/posts\/43385","targetHints":{"allow":["GET"]}}],"collection":[{"href":"https:\/\/www.sudoestehoje.com.br\/novoportal\/wp-json\/wp\/v2\/posts"}],"about":[{"href":"https:\/\/www.sudoestehoje.com.br\/novoportal\/wp-json\/wp\/v2\/types\/post"}],"author":[{"embeddable":true,"href":"https:\/\/www.sudoestehoje.com.br\/novoportal\/wp-json\/wp\/v2\/users\/2"}],"replies":[{"embeddable":true,"href":"https:\/\/www.sudoestehoje.com.br\/novoportal\/wp-json\/wp\/v2\/comments?post=43385"}],"version-history":[{"count":4,"href":"https:\/\/www.sudoestehoje.com.br\/novoportal\/wp-json\/wp\/v2\/posts\/43385\/revisions"}],"predecessor-version":[{"id":43390,"href":"https:\/\/www.sudoestehoje.com.br\/novoportal\/wp-json\/wp\/v2\/posts\/43385\/revisions\/43390"}],"wp:attachment":[{"href":"https:\/\/www.sudoestehoje.com.br\/novoportal\/wp-json\/wp\/v2\/media?parent=43385"}],"wp:term":[{"taxonomy":"category","embeddable":true,"href":"https:\/\/www.sudoestehoje.com.br\/novoportal\/wp-json\/wp\/v2\/categories?post=43385"},{"taxonomy":"post_tag","embeddable":true,"href":"https:\/\/www.sudoestehoje.com.br\/novoportal\/wp-json\/wp\/v2\/tags?post=43385"}],"curies":[{"name":"wp","href":"https:\/\/api.w.org\/{rel}","templated":true}]}}