
{"id":43382,"date":"2014-10-09T21:49:24","date_gmt":"2014-10-10T00:49:24","guid":{"rendered":"http:\/\/www.sudoestehoje.com.br\/novoportal\/?p=43382"},"modified":"2014-10-09T21:49:24","modified_gmt":"2014-10-10T00:49:24","slug":"bahia-fica-fora-do-horario-de-verao","status":"publish","type":"post","link":"https:\/\/www.sudoestehoje.com.br\/novoportal\/2014\/10\/09\/bahia-fica-fora-do-horario-de-verao\/","title":{"rendered":"BAHIA FICA FORA DO HOR\u00c1RIO DE VER\u00c3O"},"content":{"rendered":"<p><a href=\"http:\/\/www.sudoestehoje.com.br\/novoportal\/wp-content\/uploads\/2014\/10\/horario_de_verao_m.jpg\"><img loading=\"lazy\" decoding=\"async\" class=\"aligncenter  wp-image-43383\" src=\"http:\/\/www.sudoestehoje.com.br\/novoportal\/wp-content\/uploads\/2014\/10\/horario_de_verao_m.jpg\" alt=\"horario_de_verao_m\" width=\"409\" height=\"327\" srcset=\"https:\/\/www.sudoestehoje.com.br\/novoportal\/wp-content\/uploads\/2014\/10\/horario_de_verao_m.jpg 340w, https:\/\/www.sudoestehoje.com.br\/novoportal\/wp-content\/uploads\/2014\/10\/horario_de_verao_m-150x120.jpg 150w\" sizes=\"auto, (max-width: 409px) 100vw, 409px\" \/><\/a><\/p>\n<p>O governo da Bahia mais uma vez manter\u00e1 o estado fora do hor\u00e1rio brasileiro de ver\u00e3o, que tem in\u00edcio no pr\u00f3ximo dia 19 de outubro. A informa\u00e7\u00e3o \u00e9 da assessoria de comunica\u00e7\u00e3o do governo baiano. A medida vai de encontro ao desejo de pelo menos tr\u00eas federa\u00e7\u00f5es do estado, que, em conjunto, enviaram uma carta ao governador pedindo a ades\u00e3o ao hor\u00e1rio.<\/p>\n<p>As federa\u00e7\u00f5es apontaram como raz\u00f5es a sincronia com os estados do Sul e Sudeste, importantes parceiros comerciais; melhoria na seguran\u00e7a; e impulso ao desempenho dos setores de turismo, lazer, com\u00e9rcio e servi\u00e7os.<\/p>\n","protected":false},"excerpt":{"rendered":"<p>O governo da Bahia mais uma vez manter\u00e1 o estado fora do hor\u00e1rio brasileiro de ver\u00e3o, que tem in\u00edcio no pr\u00f3ximo dia 19 de outubro. A informa\u00e7\u00e3o \u00e9 da assessoria de comunica\u00e7\u00e3o do governo baiano. A medida vai de encontro ao desejo de pelo menos tr\u00eas federa\u00e7\u00f5es do estado, que, em conjunto, enviaram uma carta [&hellip;]<\/p>\n","protected":false},"author":2,"featured_media":0,"comment_status":"open","ping_status":"open","sticky":false,"template":"","format":"standard","meta":{"footnotes":"","_links_to":"","_links_to_target":""},"categories":[1],"tags":[],"class_list":["post-43382","post","type-post","status-publish","format-standard","hentry","category-geral"],"views":1030,"_links":{"self":[{"href":"https:\/\/www.sudoestehoje.com.br\/novoportal\/wp-json\/wp\/v2\/posts\/43382","targetHints":{"allow":["GET"]}}],"collection":[{"href":"https:\/\/www.sudoestehoje.com.br\/novoportal\/wp-json\/wp\/v2\/posts"}],"about":[{"href":"https:\/\/www.sudoestehoje.com.br\/novoportal\/wp-json\/wp\/v2\/types\/post"}],"author":[{"embeddable":true,"href":"https:\/\/www.sudoestehoje.com.br\/novoportal\/wp-json\/wp\/v2\/users\/2"}],"replies":[{"embeddable":true,"href":"https:\/\/www.sudoestehoje.com.br\/novoportal\/wp-json\/wp\/v2\/comments?post=43382"}],"version-history":[{"count":1,"href":"https:\/\/www.sudoestehoje.com.br\/novoportal\/wp-json\/wp\/v2\/posts\/43382\/revisions"}],"predecessor-version":[{"id":43384,"href":"https:\/\/www.sudoestehoje.com.br\/novoportal\/wp-json\/wp\/v2\/posts\/43382\/revisions\/43384"}],"wp:attachment":[{"href":"https:\/\/www.sudoestehoje.com.br\/novoportal\/wp-json\/wp\/v2\/media?parent=43382"}],"wp:term":[{"taxonomy":"category","embeddable":true,"href":"https:\/\/www.sudoestehoje.com.br\/novoportal\/wp-json\/wp\/v2\/categories?post=43382"},{"taxonomy":"post_tag","embeddable":true,"href":"https:\/\/www.sudoestehoje.com.br\/novoportal\/wp-json\/wp\/v2\/tags?post=43382"}],"curies":[{"name":"wp","href":"https:\/\/api.w.org\/{rel}","templated":true}]}}