
{"id":43356,"date":"2014-10-08T22:39:35","date_gmt":"2014-10-09T01:39:35","guid":{"rendered":"http:\/\/www.sudoestehoje.com.br\/novoportal\/?p=43356"},"modified":"2014-10-08T22:39:35","modified_gmt":"2014-10-09T01:39:35","slug":"vereador-de-firmino-alves-agride-namorada-da-filha-com-facao","status":"publish","type":"post","link":"https:\/\/www.sudoestehoje.com.br\/novoportal\/2014\/10\/08\/vereador-de-firmino-alves-agride-namorada-da-filha-com-facao\/","title":{"rendered":"VEREADOR DE FIRMINO ALVES AGRIDE NAMORADA DA FILHA COM FAC\u00c3O"},"content":{"rendered":"<p><a href=\"http:\/\/www.sudoestehoje.com.br\/novoportal\/wp-content\/uploads\/2014\/10\/SAPATINHA.jpg\"><img loading=\"lazy\" decoding=\"async\" class=\"wp-image-43357 alignleft\" src=\"http:\/\/www.sudoestehoje.com.br\/novoportal\/wp-content\/uploads\/2014\/10\/SAPATINHA-500x666.jpg\" alt=\"SAPATINHA\" width=\"234\" height=\"312\" srcset=\"https:\/\/www.sudoestehoje.com.br\/novoportal\/wp-content\/uploads\/2014\/10\/SAPATINHA-500x666.jpg 500w, https:\/\/www.sudoestehoje.com.br\/novoportal\/wp-content\/uploads\/2014\/10\/SAPATINHA-675x900.jpg 675w, https:\/\/www.sudoestehoje.com.br\/novoportal\/wp-content\/uploads\/2014\/10\/SAPATINHA-112x150.jpg 112w, https:\/\/www.sudoestehoje.com.br\/novoportal\/wp-content\/uploads\/2014\/10\/SAPATINHA.jpg 720w\" sizes=\"auto, (max-width: 234px) 100vw, 234px\" \/><\/a><\/p>\n<p>Edmilson Freitas, presidente da C\u00e2mara de Vereadores do munic\u00edpio de Firmino Alves, na regi\u00e3o sul do estado, \u00e9 investigado como principal suspeito de agredir uma adolescente de 16 anos ao presenciar namoro dela e a filha nesta ter\u00e7a-feira (7). Ela teve um dedo quebrado, hematomas pelo corpo e cortes de fac\u00e3o nas pernas. A garota diz que foi porque ele n\u00e3o queria o relacionamento entre a filha dele de 18 anos com a adolescente. &#8220;Tanto ele como a minha m\u00e3e n\u00e3o gostava. Por isso, ele fez isso&#8221;, relata a v\u00edtima.<\/p>\n<p>A agress\u00e3o aconteceu por volta das 22h de ter\u00e7a, no fundo da casa do vereador, quando ele teria visto a filha mais velha com a adolescente. A v\u00edtima conta que foi puxada pelos cabelos e agredida tamb\u00e9m pela esposa do vereador e a filha mais nova do casal, de 15 anos. A adolescente diz que recebeu pauladas na cabe\u00e7a e que a filha mais velha do vereador foi agredida com fac\u00e3o. &#8220;Come\u00e7ou a bater com cabo de vassoura, a bater na minha cabe\u00e7a, ele com um fac\u00e3o&#8221;, detalha.<\/p>\n<p>O vereador foi intimado para prestar depoimento na segunda-feira (13) e n\u00e3o foi localizado pela reportagem. De acordo com a m\u00e3e da adolescente, Rosenildes da Silva, que \u00e9 conselheira tutelar, a agress\u00e3o acabou quando chegou ao local uma colega de trabalho que \u00e9 parente da fam\u00edlia do vereador. A m\u00e3e prestou queixa e a v\u00edtima vai fazer exame de corpo de delito. &#8220;Eu estou muito chocada. Ele sendo um vereador, presidente da C\u00e2mara, ele jamais poderia ter feito isso&#8221;, afirma. Informa\u00e7\u00f5es do portal G1.<\/p>\n","protected":false},"excerpt":{"rendered":"<p>Edmilson Freitas, presidente da C\u00e2mara de Vereadores do munic\u00edpio de Firmino Alves, na regi\u00e3o sul do estado, \u00e9 investigado como principal suspeito de agredir uma adolescente de 16 anos ao presenciar namoro dela e a filha nesta ter\u00e7a-feira (7). Ela teve um dedo quebrado, hematomas pelo corpo e cortes de fac\u00e3o nas pernas. A garota [&hellip;]<\/p>\n","protected":false},"author":2,"featured_media":0,"comment_status":"open","ping_status":"open","sticky":false,"template":"","format":"standard","meta":{"footnotes":"","_links_to":"","_links_to_target":""},"categories":[1],"tags":[],"class_list":["post-43356","post","type-post","status-publish","format-standard","hentry","category-geral"],"views":3317,"_links":{"self":[{"href":"https:\/\/www.sudoestehoje.com.br\/novoportal\/wp-json\/wp\/v2\/posts\/43356","targetHints":{"allow":["GET"]}}],"collection":[{"href":"https:\/\/www.sudoestehoje.com.br\/novoportal\/wp-json\/wp\/v2\/posts"}],"about":[{"href":"https:\/\/www.sudoestehoje.com.br\/novoportal\/wp-json\/wp\/v2\/types\/post"}],"author":[{"embeddable":true,"href":"https:\/\/www.sudoestehoje.com.br\/novoportal\/wp-json\/wp\/v2\/users\/2"}],"replies":[{"embeddable":true,"href":"https:\/\/www.sudoestehoje.com.br\/novoportal\/wp-json\/wp\/v2\/comments?post=43356"}],"version-history":[{"count":1,"href":"https:\/\/www.sudoestehoje.com.br\/novoportal\/wp-json\/wp\/v2\/posts\/43356\/revisions"}],"predecessor-version":[{"id":43358,"href":"https:\/\/www.sudoestehoje.com.br\/novoportal\/wp-json\/wp\/v2\/posts\/43356\/revisions\/43358"}],"wp:attachment":[{"href":"https:\/\/www.sudoestehoje.com.br\/novoportal\/wp-json\/wp\/v2\/media?parent=43356"}],"wp:term":[{"taxonomy":"category","embeddable":true,"href":"https:\/\/www.sudoestehoje.com.br\/novoportal\/wp-json\/wp\/v2\/categories?post=43356"},{"taxonomy":"post_tag","embeddable":true,"href":"https:\/\/www.sudoestehoje.com.br\/novoportal\/wp-json\/wp\/v2\/tags?post=43356"}],"curies":[{"name":"wp","href":"https:\/\/api.w.org\/{rel}","templated":true}]}}