
{"id":43342,"date":"2014-10-08T19:34:47","date_gmt":"2014-10-08T22:34:47","guid":{"rendered":"http:\/\/www.sudoestehoje.com.br\/novoportal\/?p=43342"},"modified":"2014-10-08T19:44:30","modified_gmt":"2014-10-08T22:44:30","slug":"aecio-54-x-dilma-46-na-primeira-pesquisa-sobre-o-2o-turno","status":"publish","type":"post","link":"https:\/\/www.sudoestehoje.com.br\/novoportal\/2014\/10\/08\/aecio-54-x-dilma-46-na-primeira-pesquisa-sobre-o-2o-turno\/","title":{"rendered":"A\u00c9CIO 54% x DILMA 46% NA PRIMEIRA PESQUISA SOBRE O 2\u00ba TURNO"},"content":{"rendered":"<p>&nbsp;<\/p>\n<p><a href=\"http:\/\/www.sudoestehoje.com.br\/novoportal\/wp-content\/uploads\/2014\/10\/br-pesquisa-aecio-dilma-segundo-turno.jpg\"><img loading=\"lazy\" decoding=\"async\" class=\"aligncenter size-medium wp-image-43347\" src=\"http:\/\/www.sudoestehoje.com.br\/novoportal\/wp-content\/uploads\/2014\/10\/br-pesquisa-aecio-dilma-segundo-turno-500x333.jpg\" alt=\"br-pesquisa-aecio-dilma-segundo-turno\" width=\"500\" height=\"333\" srcset=\"https:\/\/www.sudoestehoje.com.br\/novoportal\/wp-content\/uploads\/2014\/10\/br-pesquisa-aecio-dilma-segundo-turno-500x333.jpg 500w, https:\/\/www.sudoestehoje.com.br\/novoportal\/wp-content\/uploads\/2014\/10\/br-pesquisa-aecio-dilma-segundo-turno-700x466.jpg 700w, https:\/\/www.sudoestehoje.com.br\/novoportal\/wp-content\/uploads\/2014\/10\/br-pesquisa-aecio-dilma-segundo-turno-150x100.jpg 150w, https:\/\/www.sudoestehoje.com.br\/novoportal\/wp-content\/uploads\/2014\/10\/br-pesquisa-aecio-dilma-segundo-turno.jpg 900w\" sizes=\"auto, (max-width: 500px) 100vw, 500px\" \/><\/a><\/p>\n<p>A\u00e9cio Neves\u00a0(PSDB) largou na frente da presidente Dilma Rousseff\u00a0(PT) neste in\u00edcio da campanha de segundo turno nas elei\u00e7\u00f5es presidenciais deste ano. \u00c9 o que mostra uma pesquisa feita com exclusividade para a revista \u00c9POCA, pelo instituto Paran\u00e1 Pesquisas.<\/p>\n<p>Se a elei\u00e7\u00e3o fosse hoje, A\u00e9cio teria 49% das inten\u00e7\u00f5es de voto contra 41% de Dilma. N\u00e3o sabe ou n\u00e3o responderam somam 10%. Em votos v\u00e1lidos, A\u00e9cio tem 54%, e Dilma, 46%. Na pesquisa espont\u00e2nea, em que n\u00e3o s\u00e3o apresentados os candidatos, A\u00e9cio tem 45%, e Dilma, 39%.<\/p>\n<p>O instituto Paran\u00e1 Pesquisas entrevistou, entre a segunda-feira (6) e esta quarta-feira (8), 2.080 eleitores. Foram feitas entrevistas pessoais com eleitores maiores de 16 anos em 19 Estados e 152 munic\u00edpios. A pesquisa foi registrada no Tribunal Superior Eleitoral, sob o n\u00famero BR 01065\/2014.<\/p>\n<p>O n\u00edvel de confian\u00e7a da pesquisa \u00e9 de 95%, com uma margem de erro de 2,2% para mais ou para menos. Isso significa que a probabilidade de a realidade corresponder ao resultado dentro da margem de erro \u00e9 de 95%. Se a elei\u00e7\u00e3o fosse hoje, a vota\u00e7\u00e3o de A\u00e9cio variaria, portanto, de 52% a 56%; e a de Dilma, de 44% a 48% dos votos v\u00e1lidos.<\/p>\n","protected":false},"excerpt":{"rendered":"<p>&nbsp; A\u00e9cio Neves\u00a0(PSDB) largou na frente da presidente Dilma Rousseff\u00a0(PT) neste in\u00edcio da campanha de segundo turno nas elei\u00e7\u00f5es presidenciais deste ano. \u00c9 o que mostra uma pesquisa feita com exclusividade para a revista \u00c9POCA, pelo instituto Paran\u00e1 Pesquisas. Se a elei\u00e7\u00e3o fosse hoje, A\u00e9cio teria 49% das inten\u00e7\u00f5es de voto contra 41% de Dilma. [&hellip;]<\/p>\n","protected":false},"author":2,"featured_media":0,"comment_status":"open","ping_status":"open","sticky":false,"template":"","format":"standard","meta":{"footnotes":"","_links_to":"","_links_to_target":""},"categories":[1],"tags":[],"class_list":["post-43342","post","type-post","status-publish","format-standard","hentry","category-geral"],"views":1394,"_links":{"self":[{"href":"https:\/\/www.sudoestehoje.com.br\/novoportal\/wp-json\/wp\/v2\/posts\/43342","targetHints":{"allow":["GET"]}}],"collection":[{"href":"https:\/\/www.sudoestehoje.com.br\/novoportal\/wp-json\/wp\/v2\/posts"}],"about":[{"href":"https:\/\/www.sudoestehoje.com.br\/novoportal\/wp-json\/wp\/v2\/types\/post"}],"author":[{"embeddable":true,"href":"https:\/\/www.sudoestehoje.com.br\/novoportal\/wp-json\/wp\/v2\/users\/2"}],"replies":[{"embeddable":true,"href":"https:\/\/www.sudoestehoje.com.br\/novoportal\/wp-json\/wp\/v2\/comments?post=43342"}],"version-history":[{"count":3,"href":"https:\/\/www.sudoestehoje.com.br\/novoportal\/wp-json\/wp\/v2\/posts\/43342\/revisions"}],"predecessor-version":[{"id":43348,"href":"https:\/\/www.sudoestehoje.com.br\/novoportal\/wp-json\/wp\/v2\/posts\/43342\/revisions\/43348"}],"wp:attachment":[{"href":"https:\/\/www.sudoestehoje.com.br\/novoportal\/wp-json\/wp\/v2\/media?parent=43342"}],"wp:term":[{"taxonomy":"category","embeddable":true,"href":"https:\/\/www.sudoestehoje.com.br\/novoportal\/wp-json\/wp\/v2\/categories?post=43342"},{"taxonomy":"post_tag","embeddable":true,"href":"https:\/\/www.sudoestehoje.com.br\/novoportal\/wp-json\/wp\/v2\/tags?post=43342"}],"curies":[{"name":"wp","href":"https:\/\/api.w.org\/{rel}","templated":true}]}}