
{"id":43330,"date":"2014-10-08T18:43:39","date_gmt":"2014-10-08T21:43:39","guid":{"rendered":"http:\/\/www.sudoestehoje.com.br\/novoportal\/?p=43330"},"modified":"2014-10-08T20:10:30","modified_gmt":"2014-10-08T23:10:30","slug":"relembre-os-numeros-de-2010-e-compare-com-os-resultados-de-2014","status":"publish","type":"post","link":"https:\/\/www.sudoestehoje.com.br\/novoportal\/2014\/10\/08\/relembre-os-numeros-de-2010-e-compare-com-os-resultados-de-2014\/","title":{"rendered":"RELEMBRE OS N\u00daMEROS DE 2010 E COMPARE COM OS RESULTADOS DE 2014"},"content":{"rendered":"<p><a href=\"http:\/\/www.sudoestehoje.com.br\/novoportal\/wp-content\/uploads\/2014\/10\/2010.jpg\"><img loading=\"lazy\" decoding=\"async\" class=\"aligncenter  wp-image-43331\" src=\"http:\/\/www.sudoestehoje.com.br\/novoportal\/wp-content\/uploads\/2014\/10\/2010.jpg\" alt=\"2010\" width=\"344\" height=\"260\" srcset=\"https:\/\/www.sudoestehoje.com.br\/novoportal\/wp-content\/uploads\/2014\/10\/2010.jpg 300w, https:\/\/www.sudoestehoje.com.br\/novoportal\/wp-content\/uploads\/2014\/10\/2010-150x113.jpg 150w\" sizes=\"auto, (max-width: 344px) 100vw, 344px\" \/><\/a><a href=\"http:\/\/www.sudoestehoje.com.br\/novoportal\/wp-content\/uploads\/2014\/10\/ele-2014.png\"><img loading=\"lazy\" decoding=\"async\" class=\"aligncenter  wp-image-43333\" src=\"http:\/\/www.sudoestehoje.com.br\/novoportal\/wp-content\/uploads\/2014\/10\/ele-2014.png\" alt=\"ele 2014\" width=\"338\" height=\"213\" srcset=\"https:\/\/www.sudoestehoje.com.br\/novoportal\/wp-content\/uploads\/2014\/10\/ele-2014.png 283w, https:\/\/www.sudoestehoje.com.br\/novoportal\/wp-content\/uploads\/2014\/10\/ele-2014-150x94.png 150w\" sizes=\"auto, (max-width: 338px) 100vw, 338px\" \/><\/a><\/p>\n<p>No dia 03 de outubro de 2010, o <em>Sudoeste Hoje<\/em> divulgou os n\u00fameros oficiais das elei\u00e7\u00f5es daquele ano, em Itapetinga, mostrando a vota\u00e7\u00e3o para presidente da rep\u00fablica, governador, senador, deputado federal e deputado estadual. De l\u00e1 para c\u00e1, o eleitorado do munic\u00edpio subiu de 38 mil para mais de 45 eleitores. Confira os n\u00fameros, compare com os votos dos principais candidatos que concorreram em 2010 e 2014, e veja quem ganhou e quem perdeu as atuais elei\u00e7\u00f5es em Itapetinga:<\/p>\n<p><em>PRESIDENTE: 2010\/2014<\/em><\/p>\n<p>1\u00ba &#8211; Dilma (PT): <span style=\"text-decoration: underline; color: #ff0000;\">12.905<\/span> votos (2010) &#8211; <span style=\"text-decoration: underline; color: #ff0000;\">13.080<\/span> votos (2014)<\/p>\n<p>2\u00ba &#8211; Jos\u00e9 Serra (PSDB): <span style=\"text-decoration: underline;\"><span style=\"color: #0000ff; text-decoration: underline;\">12.202<\/span> <\/span>votos (2010) &#8211; <span style=\"color: #333333;\">A\u00e9cio <\/span>\u00a0(PSDB)<span style=\"text-decoration: underline;\">\u00a0<span style=\"color: #0000ff; text-decoration: underline;\">9.962<\/span><\/span> (2014)<\/p>\n<p>3\u00ba &#8211; Marina Silva (PV): 5.256 votos (2010) &#8211; 9.035 (2014)<\/p>\n<p><em>GOVERNADOR: 2010\/2014<\/em><\/p>\n<p>1\u00ba &#8211; Paulo Souto (DEM): <span style=\"text-decoration: underline; color: #0000ff;\">11.572 <\/span>votos (2010) \u00a0&#8211; <span style=\"text-decoration: underline; color: #0000ff;\">22.283<\/span> votos (2014)<\/p>\n<p>2\u00ba &#8211; Wagner (PT): <span style=\"text-decoration: underline; color: #ff0000;\">10.982<\/span> votos (2010) &#8211; Rui Costa (PT)<span style=\"color: #ff0000;\">\u00a0<span style=\"text-decoration: underline;\">8.264<\/span><\/span> votos (2014)<\/p>\n<p>3\u00ba &#8211; Geddel (PMDB): 6.175 votos<\/p>\n<p>4\u00ba &#8211; Bassuma (PV): 992 votos<\/p>\n<p><em>SENADOR &#8211; 2010\/2014<\/em><\/p>\n<p>1\u00ba &#8211; Pinheiro\u00a0(PT): <span style=\"text-decoration: underline; color: #ff0000;\">11.432<\/span> votos (2010) &#8211; Otto (PSD)\u00a0<span style=\"text-decoration: underline; color: #ff0000;\">9.818<\/span> votos (2014)<\/p>\n<p>2\u00ba &#8211; L\u00eddice da Mata (PSB): 10.943 votos<\/p>\n<p>3\u00ba &#8211; C\u00e9sar Borges (PR): 9.639 votos<\/p>\n<p>4\u00ba &#8211; Aleluia (DEM): 8.503 votos<\/p>\n<p>5\u00ba &#8211; Edvaldo (PMDB): <span style=\"text-decoration: underline; color: #ff9900;\">6.006 <\/span>\u00a0(2010) &#8211; Geddel (PMDB)<span style=\"color: #ff9900;\">\u00a0<span style=\"text-decoration: underline;\">17.258<\/span> <\/span>votos (2014)<\/p>\n<p>6\u00ba &#8211; Jos\u00e9 Ronaldo (DEM): 5.424 votos<\/p>\n<p><em>DEPUTADO FEDERAL &#8211; \u00a02010\/2014<\/em><\/p>\n<p>1\u00ba &#8211; Edgar M\u00e3o Branca (PV): <span style=\"text-decoration: underline; color: #339966;\">4.572 <\/span>votos \u00a0(2010) &#8211;\u00a0<span style=\"text-decoration: underline; color: #339966;\">1.560<\/span> votos (2014)<\/p>\n<p>2\u00ba &#8211; Geraldo Sim\u00f5es (PT):<span style=\"text-decoration: underline; color: #ff0000;\"> 4.283<\/span> votos (2010) &#8211;<span style=\"color: #ff0000;\">\u00a0<span style=\"text-decoration: underline;\">2.808<\/span><\/span> votos (2014)<\/p>\n<p>3\u00ba- F\u00e1bio Souto (DEM): 3.402 votos (2010)<\/p>\n<p>4\u00ba &#8211; L\u00facio Vieira Lima (PMDB): <span style=\"text-decoration: underline; color: #ff9900;\">2.325<\/span> votos \u00a0(2010) &#8211;\u00a0<span style=\"text-decoration: underline; color: #ff9900;\">2.269<\/span> votos (2014)<\/p>\n<p>5\u00ba &#8211; S\u00e9rgio Brito (PSC): <span style=\"text-decoration: underline;\">1.562<\/span> votos (2010) &#8211;\u00a0<span style=\"text-decoration: underline;\">1.202<\/span> votos (2014)<\/p>\n<p>6\u00ba &#8211; Luiz Carreira(DEM): 1.226 votos<\/p>\n<p>7\u00ba &#8211; Valdenor (PT): 858 votos<\/p>\n<p>8\u00ba &#8211; Juliano Matos (PV): 780 votos<\/p>\n<p>9\u00ba &#8211;\u00a0Ant\u00f4nio Brito (PTB) <span style=\"text-decoration: underline; color: #ab2929;\"><span style=\"text-decoration: underline;\">515<\/span> <\/span>\u00a0votos (2010) &#8211; <span style=\"text-decoration: underline; color: #ab2929;\"><span style=\"text-decoration: underline;\">6.769<\/span> <\/span>votos (2014)<\/p>\n<p><em>DEPUTADO ESTADUAL &#8211; 2010\/2014<\/em><\/p>\n<p>1\u00ba &#8211; Rosemberg Pinto (PT): <span style=\"text-decoration: underline; color: #ff0000;\">6.343<\/span> votos \u00a0(2010) &#8211;\u00a0<span style=\"text-decoration: underline; color: #ff0000;\">5.338 <\/span>votos (2014)<\/p>\n<p>2\u00ba &#8211; Virginia Hagge (PMDB): 5.977 votos<\/p>\n<p>3\u00ba &#8211; Heraldo Rocha (DEM): <span style=\"text-decoration: underline; color: #0000ff;\">2.466 <\/span>votos \u00a0(2010) &#8211;<span style=\"color: #0000ff;\">\u00a0<span style=\"text-decoration: underline;\">3.470<\/span><\/span> votos (2014)<\/p>\n<p>4\u00ba &#8211; Gilson de Jesus (PCdoB): 2.230 votos<\/p>\n<p>5\u00ba &#8211; Sandro R\u00e9gis (PR): <span style=\"text-decoration: underline; color: #0000ff;\">1.697<\/span> votos \u00a0(2010) &#8211;\u00a0<span style=\"text-decoration: underline;\"><span style=\"color: #0000ff; text-decoration: underline;\">1.733<\/span> <\/span>votos (2014)<\/p>\n<p>6\u00ba &#8211; Ronaldo Carletto (PP): 1.561 votos<\/p>\n<p>7\u00ba &#8211; \u00c2ngela Sousa (PSC):\u00a0 <span style=\"text-decoration: underline; color: #333333;\">1.390<\/span> votos (2010) &#8211;\u00a0<span style=\"text-decoration: underline;\">1.333<\/span> votos (2014)<\/p>\n<p>8\u00ba &#8211; Capit\u00e3o F\u00e1bio (PRP): 1.122 votos<\/p>\n<p>9\u00ba &#8211; Z\u00e9 Raimundo (PT): 698 votos<\/p>\n","protected":false},"excerpt":{"rendered":"<p>No dia 03 de outubro de 2010, o Sudoeste Hoje divulgou os n\u00fameros oficiais das elei\u00e7\u00f5es daquele ano, em Itapetinga, mostrando a vota\u00e7\u00e3o para presidente da rep\u00fablica, governador, senador, deputado federal e deputado estadual. De l\u00e1 para c\u00e1, o eleitorado do munic\u00edpio subiu de 38 mil para mais de 45 eleitores. Confira os n\u00fameros, compare [&hellip;]<\/p>\n","protected":false},"author":2,"featured_media":0,"comment_status":"open","ping_status":"open","sticky":false,"template":"","format":"standard","meta":{"footnotes":"","_links_to":"","_links_to_target":""},"categories":[1],"tags":[],"class_list":["post-43330","post","type-post","status-publish","format-standard","hentry","category-geral"],"views":1099,"_links":{"self":[{"href":"https:\/\/www.sudoestehoje.com.br\/novoportal\/wp-json\/wp\/v2\/posts\/43330","targetHints":{"allow":["GET"]}}],"collection":[{"href":"https:\/\/www.sudoestehoje.com.br\/novoportal\/wp-json\/wp\/v2\/posts"}],"about":[{"href":"https:\/\/www.sudoestehoje.com.br\/novoportal\/wp-json\/wp\/v2\/types\/post"}],"author":[{"embeddable":true,"href":"https:\/\/www.sudoestehoje.com.br\/novoportal\/wp-json\/wp\/v2\/users\/2"}],"replies":[{"embeddable":true,"href":"https:\/\/www.sudoestehoje.com.br\/novoportal\/wp-json\/wp\/v2\/comments?post=43330"}],"version-history":[{"count":11,"href":"https:\/\/www.sudoestehoje.com.br\/novoportal\/wp-json\/wp\/v2\/posts\/43330\/revisions"}],"predecessor-version":[{"id":43352,"href":"https:\/\/www.sudoestehoje.com.br\/novoportal\/wp-json\/wp\/v2\/posts\/43330\/revisions\/43352"}],"wp:attachment":[{"href":"https:\/\/www.sudoestehoje.com.br\/novoportal\/wp-json\/wp\/v2\/media?parent=43330"}],"wp:term":[{"taxonomy":"category","embeddable":true,"href":"https:\/\/www.sudoestehoje.com.br\/novoportal\/wp-json\/wp\/v2\/categories?post=43330"},{"taxonomy":"post_tag","embeddable":true,"href":"https:\/\/www.sudoestehoje.com.br\/novoportal\/wp-json\/wp\/v2\/tags?post=43330"}],"curies":[{"name":"wp","href":"https:\/\/api.w.org\/{rel}","templated":true}]}}