
{"id":43311,"date":"2014-10-07T19:21:16","date_gmt":"2014-10-07T22:21:16","guid":{"rendered":"http:\/\/www.sudoestehoje.com.br\/novoportal\/?p=43311"},"modified":"2014-10-07T19:21:16","modified_gmt":"2014-10-07T22:21:16","slug":"apoio-de-marina-a-aecio-sai-na-quinta","status":"publish","type":"post","link":"https:\/\/www.sudoestehoje.com.br\/novoportal\/2014\/10\/07\/apoio-de-marina-a-aecio-sai-na-quinta\/","title":{"rendered":"APOIO DE MARINA A A\u00c9CIO SAI NA QUINTA"},"content":{"rendered":"<p><a href=\"http:\/\/www.sudoestehoje.com.br\/novoportal\/wp-content\/uploads\/2014\/10\/aecio-e-marina.jpg\"><img loading=\"lazy\" decoding=\"async\" class=\"aligncenter size-medium wp-image-43312\" src=\"http:\/\/www.sudoestehoje.com.br\/novoportal\/wp-content\/uploads\/2014\/10\/aecio-e-marina-500x374.jpg\" alt=\"aecio-e-marina\" width=\"500\" height=\"374\" srcset=\"https:\/\/www.sudoestehoje.com.br\/novoportal\/wp-content\/uploads\/2014\/10\/aecio-e-marina-500x374.jpg 500w, https:\/\/www.sudoestehoje.com.br\/novoportal\/wp-content\/uploads\/2014\/10\/aecio-e-marina-150x112.jpg 150w, https:\/\/www.sudoestehoje.com.br\/novoportal\/wp-content\/uploads\/2014\/10\/aecio-e-marina.jpg 590w\" sizes=\"auto, (max-width: 500px) 100vw, 500px\" \/><\/a><\/p>\n<p>Enquanto define os moldes do seu apoio a\u00a0A\u00e9cio Neves\u00a0(PSDB), a ex-senadora Marina Silva divulgou nota nesta ter\u00e7a-feira na qual afirma que anunciar\u00e1 sua decis\u00e3o na quinta, ap\u00f3s reuni\u00e3o com o comando dos demais partidos apoiaram sua candidatura. Marina j\u00e1 sinalizou que pretende manifestar apoio a A\u00e9cio no segundo turno, mas a alian\u00e7a passa pelo compromisso do tucano com um &#8220;acordo program\u00e1tico&#8221; \u2013 ou seja: incorporar causas defendidas por ela nas \u00e1reas de meio ambiente, educa\u00e7\u00e3o, economia, aprovar o fim da reelei\u00e7\u00e3o\u00a0e manter conquistas sociais.<\/p>\n","protected":false},"excerpt":{"rendered":"<p>Enquanto define os moldes do seu apoio a\u00a0A\u00e9cio Neves\u00a0(PSDB), a ex-senadora Marina Silva divulgou nota nesta ter\u00e7a-feira na qual afirma que anunciar\u00e1 sua decis\u00e3o na quinta, ap\u00f3s reuni\u00e3o com o comando dos demais partidos apoiaram sua candidatura. Marina j\u00e1 sinalizou que pretende manifestar apoio a A\u00e9cio no segundo turno, mas a alian\u00e7a passa pelo compromisso [&hellip;]<\/p>\n","protected":false},"author":2,"featured_media":0,"comment_status":"open","ping_status":"open","sticky":false,"template":"","format":"standard","meta":{"footnotes":"","_links_to":"","_links_to_target":""},"categories":[1],"tags":[],"class_list":["post-43311","post","type-post","status-publish","format-standard","hentry","category-geral"],"views":1738,"_links":{"self":[{"href":"https:\/\/www.sudoestehoje.com.br\/novoportal\/wp-json\/wp\/v2\/posts\/43311","targetHints":{"allow":["GET"]}}],"collection":[{"href":"https:\/\/www.sudoestehoje.com.br\/novoportal\/wp-json\/wp\/v2\/posts"}],"about":[{"href":"https:\/\/www.sudoestehoje.com.br\/novoportal\/wp-json\/wp\/v2\/types\/post"}],"author":[{"embeddable":true,"href":"https:\/\/www.sudoestehoje.com.br\/novoportal\/wp-json\/wp\/v2\/users\/2"}],"replies":[{"embeddable":true,"href":"https:\/\/www.sudoestehoje.com.br\/novoportal\/wp-json\/wp\/v2\/comments?post=43311"}],"version-history":[{"count":1,"href":"https:\/\/www.sudoestehoje.com.br\/novoportal\/wp-json\/wp\/v2\/posts\/43311\/revisions"}],"predecessor-version":[{"id":43313,"href":"https:\/\/www.sudoestehoje.com.br\/novoportal\/wp-json\/wp\/v2\/posts\/43311\/revisions\/43313"}],"wp:attachment":[{"href":"https:\/\/www.sudoestehoje.com.br\/novoportal\/wp-json\/wp\/v2\/media?parent=43311"}],"wp:term":[{"taxonomy":"category","embeddable":true,"href":"https:\/\/www.sudoestehoje.com.br\/novoportal\/wp-json\/wp\/v2\/categories?post=43311"},{"taxonomy":"post_tag","embeddable":true,"href":"https:\/\/www.sudoestehoje.com.br\/novoportal\/wp-json\/wp\/v2\/tags?post=43311"}],"curies":[{"name":"wp","href":"https:\/\/api.w.org\/{rel}","templated":true}]}}