
{"id":43300,"date":"2014-10-07T18:46:00","date_gmt":"2014-10-07T21:46:00","guid":{"rendered":"http:\/\/www.sudoestehoje.com.br\/novoportal\/?p=43300"},"modified":"2014-10-07T19:31:14","modified_gmt":"2014-10-07T22:31:14","slug":"43300","status":"publish","type":"post","link":"https:\/\/www.sudoestehoje.com.br\/novoportal\/2014\/10\/07\/43300\/","title":{"rendered":"ITAPETINGA: CDL LAN\u00c7A CENTRAL DE V\u00cdDEO MONITORAMENTO NO CENTRO DA CIDADE"},"content":{"rendered":"<p><a href=\"http:\/\/www.sudoestehoje.com.br\/novoportal\/wp-content\/uploads\/2014\/10\/C6.jpg\"><img loading=\"lazy\" decoding=\"async\" class=\"aligncenter size-medium wp-image-43301\" src=\"http:\/\/www.sudoestehoje.com.br\/novoportal\/wp-content\/uploads\/2014\/10\/C6-500x300.jpg\" alt=\"C6\" width=\"500\" height=\"300\" srcset=\"https:\/\/www.sudoestehoje.com.br\/novoportal\/wp-content\/uploads\/2014\/10\/C6-500x300.jpg 500w, https:\/\/www.sudoestehoje.com.br\/novoportal\/wp-content\/uploads\/2014\/10\/C6-700x420.jpg 700w, https:\/\/www.sudoestehoje.com.br\/novoportal\/wp-content\/uploads\/2014\/10\/C6-150x90.jpg 150w, https:\/\/www.sudoestehoje.com.br\/novoportal\/wp-content\/uploads\/2014\/10\/C6.jpg 960w\" sizes=\"auto, (max-width: 500px) 100vw, 500px\" \/><\/a><\/p>\n<p>Na manh\u00e3 desta ter\u00e7a-feira (7), a CDL de Itapetinga colocou em opera\u00e7\u00e3o a CIVITA (Central Integrada de V\u00eddeo-monitoramento de Itapetinga), constitu\u00edda de c\u00e2meras instaladas em pontos estrat\u00e9gicos do centro comercial da cidade, monitoradas por uma central, com a finalidade de defender a integridade f\u00edsica e patrimonial da popula\u00e7\u00e3o que circula e faz compras nas lojas do centro de cidade, constantemente atacadas e assaltadas por criminosos.<\/p>\n<p><a href=\"http:\/\/www.sudoestehoje.com.br\/novoportal\/wp-content\/uploads\/2014\/10\/C4.jpg\"><img loading=\"lazy\" decoding=\"async\" class=\"aligncenter size-medium wp-image-43302\" src=\"http:\/\/www.sudoestehoje.com.br\/novoportal\/wp-content\/uploads\/2014\/10\/C4-500x300.jpg\" alt=\"C4\" width=\"500\" height=\"300\" srcset=\"https:\/\/www.sudoestehoje.com.br\/novoportal\/wp-content\/uploads\/2014\/10\/C4-500x300.jpg 500w, https:\/\/www.sudoestehoje.com.br\/novoportal\/wp-content\/uploads\/2014\/10\/C4-700x420.jpg 700w, https:\/\/www.sudoestehoje.com.br\/novoportal\/wp-content\/uploads\/2014\/10\/C4-150x90.jpg 150w, https:\/\/www.sudoestehoje.com.br\/novoportal\/wp-content\/uploads\/2014\/10\/C4.jpg 960w\" sizes=\"auto, (max-width: 500px) 100vw, 500px\" \/><\/a><\/p>\n<p>As 16 c\u00e2meras de alta resolu\u00e7\u00e3o j\u00e1 est\u00e3o instaladas no centro comercial da cidade, abrangendo os seguintes locais: Pra\u00e7a Augusto de Carvalho, rua Bar\u00e3o do Rio Branco, rua D. Pedro II, rua Jos\u00e9 Bonif\u00e1cio, rua Jo\u00e3o Pessoa, rua J.J Seabra, Pra\u00e7a da B\u00edblia e Pra\u00e7a Dairy Valley. As c\u00e2meras s\u00e3o operadas com zoom, alcan\u00e7ando tamb\u00e9m outras ruas do centro.<\/p>\n<p><a href=\"http:\/\/www.sudoestehoje.com.br\/novoportal\/wp-content\/uploads\/2014\/10\/C2.jpg\"><img loading=\"lazy\" decoding=\"async\" class=\"aligncenter size-medium wp-image-43303\" src=\"http:\/\/www.sudoestehoje.com.br\/novoportal\/wp-content\/uploads\/2014\/10\/C2-500x300.jpg\" alt=\"C2\" width=\"500\" height=\"300\" srcset=\"https:\/\/www.sudoestehoje.com.br\/novoportal\/wp-content\/uploads\/2014\/10\/C2-500x300.jpg 500w, https:\/\/www.sudoestehoje.com.br\/novoportal\/wp-content\/uploads\/2014\/10\/C2-700x420.jpg 700w, https:\/\/www.sudoestehoje.com.br\/novoportal\/wp-content\/uploads\/2014\/10\/C2-150x90.jpg 150w, https:\/\/www.sudoestehoje.com.br\/novoportal\/wp-content\/uploads\/2014\/10\/C2.jpg 960w\" sizes=\"auto, (max-width: 500px) 100vw, 500px\" \/><\/a><\/p>\n<p>As c\u00e2meras s\u00e3o de alta precis\u00e3o e longa dist\u00e2ncia, capazes de identificar pessoas em at\u00e9 mil metros de dist\u00e2ncia e em adversidade clim\u00e1tica, como chuva, neblina, fuma\u00e7a e poeira, com excelente visibilidade \u00e0 noite.<\/p>\n<p><a href=\"http:\/\/www.sudoestehoje.com.br\/novoportal\/wp-content\/uploads\/2014\/10\/C31.jpg\"><img loading=\"lazy\" decoding=\"async\" class=\"aligncenter size-medium wp-image-43305\" src=\"http:\/\/www.sudoestehoje.com.br\/novoportal\/wp-content\/uploads\/2014\/10\/C31-500x300.jpg\" alt=\"C3\" width=\"500\" height=\"300\" srcset=\"https:\/\/www.sudoestehoje.com.br\/novoportal\/wp-content\/uploads\/2014\/10\/C31-500x300.jpg 500w, https:\/\/www.sudoestehoje.com.br\/novoportal\/wp-content\/uploads\/2014\/10\/C31-700x420.jpg 700w, https:\/\/www.sudoestehoje.com.br\/novoportal\/wp-content\/uploads\/2014\/10\/C31-150x90.jpg 150w, https:\/\/www.sudoestehoje.com.br\/novoportal\/wp-content\/uploads\/2014\/10\/C31.jpg 960w\" sizes=\"auto, (max-width: 500px) 100vw, 500px\" \/><\/a><\/p>\n<p>Na cerim\u00f4nia de inaugura\u00e7\u00e3o oficial da CIVITA, estiveram presentes comerciantes e diretores da CDL, al\u00e9m de autoridades e representantes de institui\u00e7\u00f5es representativas da sociedade, como Oniel Brand\u00e3o, presidente da CDL, \u00a0o secret\u00e1rio municipal de administra\u00e7\u00e3o, Carlos Alberto,\u00a0o delegado Ant\u00f4nio Roberto J\u00fanior, o comandante e subcomandante da 8\u00aa CIPM, Major PM Ferreira Lopes e Capit\u00e3o PM Melo, o comandante da Guarda Civil Municipal,\u00a0GM Givaldo Viana, o coordenador da Comutran, Junior Fagundes, dentre outros.<\/p>\n<p><a href=\"http:\/\/www.sudoestehoje.com.br\/novoportal\/wp-content\/uploads\/2014\/10\/C7.jpg\"><img loading=\"lazy\" decoding=\"async\" class=\"aligncenter size-medium wp-image-43306\" src=\"http:\/\/www.sudoestehoje.com.br\/novoportal\/wp-content\/uploads\/2014\/10\/C7-500x300.jpg\" alt=\"C7\" width=\"500\" height=\"300\" srcset=\"https:\/\/www.sudoestehoje.com.br\/novoportal\/wp-content\/uploads\/2014\/10\/C7-500x300.jpg 500w, https:\/\/www.sudoestehoje.com.br\/novoportal\/wp-content\/uploads\/2014\/10\/C7-700x420.jpg 700w, https:\/\/www.sudoestehoje.com.br\/novoportal\/wp-content\/uploads\/2014\/10\/C7-150x90.jpg 150w, https:\/\/www.sudoestehoje.com.br\/novoportal\/wp-content\/uploads\/2014\/10\/C7.jpg 960w\" sizes=\"auto, (max-width: 500px) 100vw, 500px\" \/><\/a><\/p>\n<p>A PM disponibilizou um policial para monitorar a Central, num trabalho integrado entre as for\u00e7as policiais, Guarda Municipal, Pol\u00edcia Civil e Comutran.<\/p>\n<p><strong><em>Por Davi Ferraz<\/em><\/strong><\/p>\n","protected":false},"excerpt":{"rendered":"<p>Na manh\u00e3 desta ter\u00e7a-feira (7), a CDL de Itapetinga colocou em opera\u00e7\u00e3o a CIVITA (Central Integrada de V\u00eddeo-monitoramento de Itapetinga), constitu\u00edda de c\u00e2meras instaladas em pontos estrat\u00e9gicos do centro comercial da cidade, monitoradas por uma central, com a finalidade de defender a integridade f\u00edsica e patrimonial da popula\u00e7\u00e3o que circula e faz compras nas lojas [&hellip;]<\/p>\n","protected":false},"author":2,"featured_media":0,"comment_status":"open","ping_status":"open","sticky":false,"template":"","format":"standard","meta":{"footnotes":"","_links_to":"","_links_to_target":""},"categories":[1],"tags":[],"class_list":["post-43300","post","type-post","status-publish","format-standard","hentry","category-geral"],"views":2235,"_links":{"self":[{"href":"https:\/\/www.sudoestehoje.com.br\/novoportal\/wp-json\/wp\/v2\/posts\/43300","targetHints":{"allow":["GET"]}}],"collection":[{"href":"https:\/\/www.sudoestehoje.com.br\/novoportal\/wp-json\/wp\/v2\/posts"}],"about":[{"href":"https:\/\/www.sudoestehoje.com.br\/novoportal\/wp-json\/wp\/v2\/types\/post"}],"author":[{"embeddable":true,"href":"https:\/\/www.sudoestehoje.com.br\/novoportal\/wp-json\/wp\/v2\/users\/2"}],"replies":[{"embeddable":true,"href":"https:\/\/www.sudoestehoje.com.br\/novoportal\/wp-json\/wp\/v2\/comments?post=43300"}],"version-history":[{"count":5,"href":"https:\/\/www.sudoestehoje.com.br\/novoportal\/wp-json\/wp\/v2\/posts\/43300\/revisions"}],"predecessor-version":[{"id":43314,"href":"https:\/\/www.sudoestehoje.com.br\/novoportal\/wp-json\/wp\/v2\/posts\/43300\/revisions\/43314"}],"wp:attachment":[{"href":"https:\/\/www.sudoestehoje.com.br\/novoportal\/wp-json\/wp\/v2\/media?parent=43300"}],"wp:term":[{"taxonomy":"category","embeddable":true,"href":"https:\/\/www.sudoestehoje.com.br\/novoportal\/wp-json\/wp\/v2\/categories?post=43300"},{"taxonomy":"post_tag","embeddable":true,"href":"https:\/\/www.sudoestehoje.com.br\/novoportal\/wp-json\/wp\/v2\/tags?post=43300"}],"curies":[{"name":"wp","href":"https:\/\/api.w.org\/{rel}","templated":true}]}}