
{"id":43294,"date":"2014-10-07T13:18:01","date_gmt":"2014-10-07T16:18:01","guid":{"rendered":"http:\/\/www.sudoestehoje.com.br\/novoportal\/?p=43294"},"modified":"2014-10-07T13:18:47","modified_gmt":"2014-10-07T16:18:47","slug":"cabo-da-policia-militar-morre-vitima-de-infarto-em-itapetinga","status":"publish","type":"post","link":"https:\/\/www.sudoestehoje.com.br\/novoportal\/2014\/10\/07\/cabo-da-policia-militar-morre-vitima-de-infarto-em-itapetinga\/","title":{"rendered":"CABO DA POL\u00cdCIA MILITAR MORRE V\u00cdTIMA DE INFARTO EM ITAPETINGA"},"content":{"rendered":"<p><a href=\"http:\/\/www.sudoestehoje.com.br\/novoportal\/wp-content\/uploads\/2014\/10\/MACED\u00c3O.jpg\"><img loading=\"lazy\" decoding=\"async\" class=\"aligncenter  wp-image-43295\" src=\"http:\/\/www.sudoestehoje.com.br\/novoportal\/wp-content\/uploads\/2014\/10\/MACED\u00c3O.jpg\" alt=\"MACED\u00c3O\" width=\"493\" height=\"360\" srcset=\"https:\/\/www.sudoestehoje.com.br\/novoportal\/wp-content\/uploads\/2014\/10\/MACED\u00c3O.jpg 420w, https:\/\/www.sudoestehoje.com.br\/novoportal\/wp-content\/uploads\/2014\/10\/MACED\u00c3O-150x109.jpg 150w\" sizes=\"auto, (max-width: 493px) 100vw, 493px\" \/><\/a><\/p>\n<p>O cabo da Policia Militar de Itapetinga, Gilton Macedo Tavares, conhecido como &#8216;Maced\u00e3o&#8217;, 42 anos, faleceu na manh\u00e3 desta ter\u00e7a-feira (7), ap\u00f3s sofrer um infarto. O policial chegou a ser encaminhado para a cl\u00ednica m\u00e9dica Policlin, mas n\u00e3o resistiu. Com 23 anos de Policia Militar, \u00a0como soldado, Macedo s\u00f3 foi promovido a Cabo no \u00faltimo dia 1\u00ba. Ele estava lotado na cidade de Macarani, onde trabalhava. O corpo est\u00e1 sendo velado no Cerimonial Pax Perfei\u00e7\u00e3o, na avenida cinquenten\u00e1rio. Itapetinga Agora.<\/p>\n","protected":false},"excerpt":{"rendered":"<p>O cabo da Policia Militar de Itapetinga, Gilton Macedo Tavares, conhecido como &#8216;Maced\u00e3o&#8217;, 42 anos, faleceu na manh\u00e3 desta ter\u00e7a-feira (7), ap\u00f3s sofrer um infarto. O policial chegou a ser encaminhado para a cl\u00ednica m\u00e9dica Policlin, mas n\u00e3o resistiu. Com 23 anos de Policia Militar, \u00a0como soldado, Macedo s\u00f3 foi promovido a Cabo no \u00faltimo [&hellip;]<\/p>\n","protected":false},"author":2,"featured_media":0,"comment_status":"open","ping_status":"open","sticky":false,"template":"","format":"standard","meta":{"footnotes":"","_links_to":"","_links_to_target":""},"categories":[1],"tags":[],"class_list":["post-43294","post","type-post","status-publish","format-standard","hentry","category-geral"],"views":1457,"_links":{"self":[{"href":"https:\/\/www.sudoestehoje.com.br\/novoportal\/wp-json\/wp\/v2\/posts\/43294","targetHints":{"allow":["GET"]}}],"collection":[{"href":"https:\/\/www.sudoestehoje.com.br\/novoportal\/wp-json\/wp\/v2\/posts"}],"about":[{"href":"https:\/\/www.sudoestehoje.com.br\/novoportal\/wp-json\/wp\/v2\/types\/post"}],"author":[{"embeddable":true,"href":"https:\/\/www.sudoestehoje.com.br\/novoportal\/wp-json\/wp\/v2\/users\/2"}],"replies":[{"embeddable":true,"href":"https:\/\/www.sudoestehoje.com.br\/novoportal\/wp-json\/wp\/v2\/comments?post=43294"}],"version-history":[{"count":2,"href":"https:\/\/www.sudoestehoje.com.br\/novoportal\/wp-json\/wp\/v2\/posts\/43294\/revisions"}],"predecessor-version":[{"id":43297,"href":"https:\/\/www.sudoestehoje.com.br\/novoportal\/wp-json\/wp\/v2\/posts\/43294\/revisions\/43297"}],"wp:attachment":[{"href":"https:\/\/www.sudoestehoje.com.br\/novoportal\/wp-json\/wp\/v2\/media?parent=43294"}],"wp:term":[{"taxonomy":"category","embeddable":true,"href":"https:\/\/www.sudoestehoje.com.br\/novoportal\/wp-json\/wp\/v2\/categories?post=43294"},{"taxonomy":"post_tag","embeddable":true,"href":"https:\/\/www.sudoestehoje.com.br\/novoportal\/wp-json\/wp\/v2\/tags?post=43294"}],"curies":[{"name":"wp","href":"https:\/\/api.w.org\/{rel}","templated":true}]}}