
{"id":43249,"date":"2014-10-06T23:54:27","date_gmt":"2014-10-07T02:54:27","guid":{"rendered":"http:\/\/www.sudoestehoje.com.br\/novoportal\/?p=43249"},"modified":"2014-10-07T00:18:49","modified_gmt":"2014-10-07T03:18:49","slug":"numeros-da-eleicao-em-itambe","status":"publish","type":"post","link":"https:\/\/www.sudoestehoje.com.br\/novoportal\/2014\/10\/06\/numeros-da-eleicao-em-itambe\/","title":{"rendered":"ITAMB\u00c9: HUMBERTINHO COMEMORA VOTA\u00c7\u00c3O EXPRESSIVA DE ANT\u00d4NIO BRITO"},"content":{"rendered":"<div id=\"attachment_43250\" style=\"width: 510px\" class=\"wp-caption aligncenter\"><a href=\"http:\/\/www.sudoestehoje.com.br\/novoportal\/wp-content\/uploads\/2014\/10\/humbertinho-em.jpg\"><img loading=\"lazy\" decoding=\"async\" aria-describedby=\"caption-attachment-43250\" class=\"size-medium wp-image-43250\" src=\"http:\/\/www.sudoestehoje.com.br\/novoportal\/wp-content\/uploads\/2014\/10\/humbertinho-em-500x373.jpg\" alt=\"Humberinho e fam\u00edlia comoraram a vota\u00e7\u00e3o expressiva obtida por Ant\u00f4nio Brito em Itamb\u00e9.\" width=\"500\" height=\"373\" srcset=\"https:\/\/www.sudoestehoje.com.br\/novoportal\/wp-content\/uploads\/2014\/10\/humbertinho-em-500x373.jpg 500w, https:\/\/www.sudoestehoje.com.br\/novoportal\/wp-content\/uploads\/2014\/10\/humbertinho-em-700x523.jpg 700w, https:\/\/www.sudoestehoje.com.br\/novoportal\/wp-content\/uploads\/2014\/10\/humbertinho-em-150x112.jpg 150w, https:\/\/www.sudoestehoje.com.br\/novoportal\/wp-content\/uploads\/2014\/10\/humbertinho-em.jpg 872w\" sizes=\"auto, (max-width: 500px) 100vw, 500px\" \/><\/a><p id=\"caption-attachment-43250\" class=\"wp-caption-text\">O vice-prefeito Humbertinho Lopes e fam\u00edlia comoraram a vota\u00e7\u00e3o expressiva (1.201 votos) obtida pelo deputado Ant\u00f4nio Brito, em Itamb\u00e9.<\/p><\/div>\n<p>Com a elei\u00e7\u00e3o de Rui Costa e Otto, e as vota\u00e7\u00f5es expressivas dos seus deputados, o prefeito de Ivan Fernandes e seu vice Humbertinho Lopes ficaram politicamente fortalecidos nessas elei\u00e7\u00f5es. Ap\u00f3s a confirma\u00e7\u00e3o da vit\u00f3ria da chapa defendida pelo grupo do prefeito, uma grande caminhada foi formada e ganhou \u00e0s ruas de Itamb\u00e9. Ivan, Humbertinho e os vereadores do grupo, estiveram juntos na comemora\u00e7\u00e3o, que foi encerrada na Pra\u00e7a Os\u00f3rio Ferraz, com os discursos de agradecimento. CONFIRA OS N\u00daMEROS DA ELEI\u00c7\u00c3O EM ITAMB\u00c9:<!--more--><\/p>\n<p><strong><em>PRESIDENTE<\/em><\/strong><\/p>\n<p>DILMA 7.229 \u2013 63,09 %<\/p>\n<p>A\u00c9CIO NEVES 2.649 \u2013 23,12%<\/p>\n<p>MARINA SILVA 1.489 \u2013 13,00%<\/p>\n<p><strong><em>GOVERNADOR<\/em><\/strong><\/p>\n<p>RUI COSTA \u00a06.210 \u2013 56,09%<\/p>\n<p>PAULO SOUTO 4.396 \u2013 39,70%<\/p>\n<p>L\u00cdDICE DA MATA 424 \u2013 3,83%<\/p>\n<p><strong><em>SENADOR<\/em><\/strong><\/p>\n<p>OTTO ALENCAR 5.619 \u2013 52,62%<\/p>\n<p>GEDEL 4.580 \u2013 42,89%<\/p>\n<p>ELIANA CALMON 464 &#8211; 4,35%<\/p>\n<p>PRESIDENTE<\/p>\n<p>DILMA 7.229 \u2013 63,09 %<\/p>\n<p>A\u00c9CIO NEVES 2.649 \u2013 23,12%<\/p>\n<p>MARINA SILVA 1.489 \u2013 13,00%<\/p>\n<p><strong><em>DEPUTADOS FEDERAIS MAIS VOTADOS<\/em><\/strong><\/p>\n<p>JOS\u00c9 NUNES\u00a0 3.849<\/p>\n<p>LUCIO VIEIRA LIMA\u00a0 \u00a02.051<\/p>\n<p>ANTONIO BRITO\u00a0 1.201<\/p>\n<p>ALECCIENE\u00a0 847<\/p>\n<p>JOSIAS GOMES\u00a0 370<\/p>\n<p>JO\u00c3O GUALBERTO\u00a0 335<\/p>\n<p>JO\u00c3O BACELAR\u00a0\u00a0\u00a0 282<\/p>\n<p>IRM\u00c3O LAZARO\u00a0 250<\/p>\n<p><strong><em>DEPUTADOS ESTADUAL MAIS VOTADOS<\/em><\/strong><\/p>\n<p>BRUNO REIS \u00a0 3.335<\/p>\n<p>LEUR LOMANTO JR \u00a0 1.700<\/p>\n<p>LUIZ AUGUSTO\u00a0 893<\/p>\n<p>ROSEMBERG PINTO \u00a0 673<\/p>\n<p>FABIO SOUTO \u00a0440<\/p>\n<p>EUCLIDES FERNANDES\u00a0 385<\/p>\n<p>AUGUSTO CASTRO \u00a0 270<\/p>\n<p>IVANA BASTOS \u00a0 231<\/p>\n<p>PROFESSOR CORI\u00a0 223<\/p>\n<p>HERALDO ROCHA \u00a0 209<\/p>\n","protected":false},"excerpt":{"rendered":"<p>Com a elei\u00e7\u00e3o de Rui Costa e Otto, e as vota\u00e7\u00f5es expressivas dos seus deputados, o prefeito de Ivan Fernandes e seu vice Humbertinho Lopes ficaram politicamente fortalecidos nessas elei\u00e7\u00f5es. Ap\u00f3s a confirma\u00e7\u00e3o da vit\u00f3ria da chapa defendida pelo grupo do prefeito, uma grande caminhada foi formada e ganhou \u00e0s ruas de Itamb\u00e9. Ivan, Humbertinho [&hellip;]<\/p>\n","protected":false},"author":2,"featured_media":0,"comment_status":"open","ping_status":"open","sticky":false,"template":"","format":"standard","meta":{"footnotes":"","_links_to":"","_links_to_target":""},"categories":[1],"tags":[],"class_list":["post-43249","post","type-post","status-publish","format-standard","hentry","category-geral"],"views":1472,"_links":{"self":[{"href":"https:\/\/www.sudoestehoje.com.br\/novoportal\/wp-json\/wp\/v2\/posts\/43249","targetHints":{"allow":["GET"]}}],"collection":[{"href":"https:\/\/www.sudoestehoje.com.br\/novoportal\/wp-json\/wp\/v2\/posts"}],"about":[{"href":"https:\/\/www.sudoestehoje.com.br\/novoportal\/wp-json\/wp\/v2\/types\/post"}],"author":[{"embeddable":true,"href":"https:\/\/www.sudoestehoje.com.br\/novoportal\/wp-json\/wp\/v2\/users\/2"}],"replies":[{"embeddable":true,"href":"https:\/\/www.sudoestehoje.com.br\/novoportal\/wp-json\/wp\/v2\/comments?post=43249"}],"version-history":[{"count":4,"href":"https:\/\/www.sudoestehoje.com.br\/novoportal\/wp-json\/wp\/v2\/posts\/43249\/revisions"}],"predecessor-version":[{"id":43257,"href":"https:\/\/www.sudoestehoje.com.br\/novoportal\/wp-json\/wp\/v2\/posts\/43249\/revisions\/43257"}],"wp:attachment":[{"href":"https:\/\/www.sudoestehoje.com.br\/novoportal\/wp-json\/wp\/v2\/media?parent=43249"}],"wp:term":[{"taxonomy":"category","embeddable":true,"href":"https:\/\/www.sudoestehoje.com.br\/novoportal\/wp-json\/wp\/v2\/categories?post=43249"},{"taxonomy":"post_tag","embeddable":true,"href":"https:\/\/www.sudoestehoje.com.br\/novoportal\/wp-json\/wp\/v2\/tags?post=43249"}],"curies":[{"name":"wp","href":"https:\/\/api.w.org\/{rel}","templated":true}]}}