
{"id":43243,"date":"2014-10-06T22:24:59","date_gmt":"2014-10-07T01:24:59","guid":{"rendered":"http:\/\/www.sudoestehoje.com.br\/novoportal\/?p=43243"},"modified":"2014-10-06T22:24:59","modified_gmt":"2014-10-07T01:24:59","slug":"numeros-da-eleicao-em-itarantim","status":"publish","type":"post","link":"https:\/\/www.sudoestehoje.com.br\/novoportal\/2014\/10\/06\/numeros-da-eleicao-em-itarantim\/","title":{"rendered":"N\u00daMEROS DA ELEI\u00c7\u00c3O EM ITARANTIM"},"content":{"rendered":"<p><a href=\"http:\/\/www.sudoestehoje.com.br\/novoportal\/wp-content\/uploads\/2014\/10\/geral.jpg\"><img loading=\"lazy\" decoding=\"async\" class=\"aligncenter size-medium wp-image-43244\" src=\"http:\/\/www.sudoestehoje.com.br\/novoportal\/wp-content\/uploads\/2014\/10\/geral-500x240.jpg\" alt=\"geral\" width=\"500\" height=\"240\" srcset=\"https:\/\/www.sudoestehoje.com.br\/novoportal\/wp-content\/uploads\/2014\/10\/geral-500x240.jpg 500w, https:\/\/www.sudoestehoje.com.br\/novoportal\/wp-content\/uploads\/2014\/10\/geral-150x72.jpg 150w, https:\/\/www.sudoestehoje.com.br\/novoportal\/wp-content\/uploads\/2014\/10\/geral.jpg 550w\" sizes=\"auto, (max-width: 500px) 100vw, 500px\" \/><\/a><\/p>\n<p>Em Itarantim, cidade governada pelo prefeito Paulo Souto Fernandes (PSB), o candidato oposicionista Paulo Souto conseguiu uma vota\u00e7\u00e3o expressiva de 4. 611\u00a0votos, contra 3. 477\u00a0votos de Rui Costa e \u00a0297 votos para L\u00eddice da Mata. Apesar de pertencer ao PSB, o prefeito Paulo Fernandes declarou apoio antecipado ao petista Rui Costa, em fun\u00e7\u00e3o da sua forte liga\u00e7\u00e3o a Otto Alencar, candidato eleito ao senado. Confira a rela\u00e7\u00e3o dos mais votados no munic\u00edpio:<!--more--><\/p>\n<p><strong><em>PRESIDENTE<\/em><\/strong><\/p>\n<p>DILMA ROUSSEF (PT) \u2013 4. 951<br \/>\nA\u00c9CIO NEVES (PSDB) \u2013 2. 104<br \/>\nMARINA SILVA (PSB) \u2013 1. 575<\/p>\n<p><strong><em>GOVERNADOR<\/em><\/strong><\/p>\n<p>PAULO SOUTO (DEM) \u2013 4. 611<br \/>\nRUY COSTA (PT) \u2013 3. 477<br \/>\nL\u00cdDICE DA MATA (PSB) \u2013 297<\/p>\n<p><strong><em>SENADOR<\/em><\/strong><\/p>\n<p>OTTO ALENCAR (PSD) \u2013 4. 314<br \/>\nGEDDEL VIERA LIMA (PMDB) \u2013 3. 517<br \/>\nELIANA CALMON (PSB) \u2013 168<\/p>\n<p><strong><em>DEPUTADO FEDERAL<\/em><\/strong><\/p>\n<p>L\u00daCIO VIEIRA LIMA (PMDB) \u2013 2. 583<br \/>\nJOS\u00c9 CARLOS ARA\u00daJO (PSD) \u2013 1. 952<br \/>\nMARCELO MELO (DEM) \u2013 810<br \/>\nJOSIAS GOMES (PT) \u2013 710<br \/>\nANT\u00d4NIO BRITO (PTB) \u2013 355<br \/>\nJOS\u00c9 NUNES (PSD) \u2013 329<br \/>\nRONALDO CARLETTO \u2013 (PP) \u2013 248<br \/>\nIRM\u00c3O L\u00c1ZARO (PSC) \u2013 227<br \/>\nEDGAR M\u00c3O BRANCA (PV) \u2013 114<\/p>\n<p><strong><em>DEPUTADO ESTADUAL<\/em><\/strong><\/p>\n<p>SANDRO R\u00c9GIS (DEM) \u2013 2. 483<br \/>\nTIM\u00d3TEO BRITO (PSD) \u2013 2. 091<br \/>\nCANDINHO GUSM\u00c3O (PTB) \u2013 1 472<br \/>\nROSEMBERG PINTO (PT) \u2013 825<br \/>\nBRUNO REIS (PMDB) \u2013 194<\/p>\n<p>&nbsp;<\/p>\n","protected":false},"excerpt":{"rendered":"<p>Em Itarantim, cidade governada pelo prefeito Paulo Souto Fernandes (PSB), o candidato oposicionista Paulo Souto conseguiu uma vota\u00e7\u00e3o expressiva de 4. 611\u00a0votos, contra 3. 477\u00a0votos de Rui Costa e \u00a0297 votos para L\u00eddice da Mata. Apesar de pertencer ao PSB, o prefeito Paulo Fernandes declarou apoio antecipado ao petista Rui Costa, em fun\u00e7\u00e3o da sua [&hellip;]<\/p>\n","protected":false},"author":2,"featured_media":0,"comment_status":"open","ping_status":"open","sticky":false,"template":"","format":"standard","meta":{"footnotes":"","_links_to":"","_links_to_target":""},"categories":[1],"tags":[],"class_list":["post-43243","post","type-post","status-publish","format-standard","hentry","category-geral"],"views":1164,"_links":{"self":[{"href":"https:\/\/www.sudoestehoje.com.br\/novoportal\/wp-json\/wp\/v2\/posts\/43243","targetHints":{"allow":["GET"]}}],"collection":[{"href":"https:\/\/www.sudoestehoje.com.br\/novoportal\/wp-json\/wp\/v2\/posts"}],"about":[{"href":"https:\/\/www.sudoestehoje.com.br\/novoportal\/wp-json\/wp\/v2\/types\/post"}],"author":[{"embeddable":true,"href":"https:\/\/www.sudoestehoje.com.br\/novoportal\/wp-json\/wp\/v2\/users\/2"}],"replies":[{"embeddable":true,"href":"https:\/\/www.sudoestehoje.com.br\/novoportal\/wp-json\/wp\/v2\/comments?post=43243"}],"version-history":[{"count":1,"href":"https:\/\/www.sudoestehoje.com.br\/novoportal\/wp-json\/wp\/v2\/posts\/43243\/revisions"}],"predecessor-version":[{"id":43245,"href":"https:\/\/www.sudoestehoje.com.br\/novoportal\/wp-json\/wp\/v2\/posts\/43243\/revisions\/43245"}],"wp:attachment":[{"href":"https:\/\/www.sudoestehoje.com.br\/novoportal\/wp-json\/wp\/v2\/media?parent=43243"}],"wp:term":[{"taxonomy":"category","embeddable":true,"href":"https:\/\/www.sudoestehoje.com.br\/novoportal\/wp-json\/wp\/v2\/categories?post=43243"},{"taxonomy":"post_tag","embeddable":true,"href":"https:\/\/www.sudoestehoje.com.br\/novoportal\/wp-json\/wp\/v2\/tags?post=43243"}],"curies":[{"name":"wp","href":"https:\/\/api.w.org\/{rel}","templated":true}]}}