
{"id":4323,"date":"2011-04-13T00:23:52","date_gmt":"2011-04-13T03:23:52","guid":{"rendered":"http:\/\/www.sudoestehoje.com.br\/novoportal\/?p=4323"},"modified":"2011-04-13T00:23:52","modified_gmt":"2011-04-13T03:23:52","slug":"wagner-sofre-primeira-derrota-na-assembleia","status":"publish","type":"post","link":"https:\/\/www.sudoestehoje.com.br\/novoportal\/2011\/04\/13\/wagner-sofre-primeira-derrota-na-assembleia\/","title":{"rendered":"WAGNER SOFRE PRIMEIRA DERROTA NA ASSEMBL\u00c9IA"},"content":{"rendered":"<p style=\"text-align: center;\"><em><strong><img decoding=\"async\" class=\"aligncenter\" src=\"http:\/\/www.bahianoticias.com.br\/fotos\/editor\/Image\/JW_soco.jpg\" alt=\"\" \/><\/strong><\/em><\/p>\n<p style=\"text-align: center;\"><em><strong>Disputa por cargos nocauteou o projeto de Wagner<\/strong><\/em><\/p>\n<p><em><strong>Pol\u00edtica Livre<\/strong><\/em><\/p>\n<p>Num protesto inesperado contra a partilha dos 174 cargos que ser\u00e3o criados no novo\u00a0projeto de reforma administrativa do governo, a bancada governista boicotou hoje a\u00a0aprecia\u00e7\u00e3o do pedido de urg\u00eancia para votar a proposta na pr\u00f3xima semana, impondo a primeira derrota do\u00a0segundo mandato do\u00a0governo Jaques Wagner (PT) na Assembleia Legislativa.<\/p>\n<p>Muito heterog\u00eanea, por ser formada em sua maioria por v\u00e1rios parlamentares adesistas, a bancada governista acusa os petistas de terem se apossado de praticamente todos os cargos.<\/p>\n<p>Na secretaria de Comunica\u00e7\u00e3o Social, pasta a ser criada em substitui\u00e7\u00e3o \u00e0 Agecom (Ag\u00eancia de Comunica\u00e7\u00e3o), ser\u00e3o criados, por exemplo, 95 cargos para fun\u00e7\u00f5es que os deputados da base do governo consideram desnecess\u00e1rias. \u00a0O governo cria cargos tamb\u00e9m na nova secretaria de Administra\u00e7\u00e3o Penitenci\u00e1ria e na Secopa, que passa a ter status de definitiva at\u00e9 a Copa do Mundo de 2014.<\/p>\n<p>Prevendo alguma\u00a0celeuma em torno da vota\u00e7\u00e3o da mat\u00e9ria, o governador Jaques Wagner chegou a convocar um caf\u00e9 da manh\u00e3 com toda a base para apresentar e discutir o projeto de reforma com os parlamentares, mas a iniciativa parece n\u00e3o ter dado resultado.<\/p>\n<p>\u201cO caf\u00e9 da manh\u00e3 azedou\u201d, ironizou o deputado oposicionista Paulo Azi (DEM), numa refer\u00eancia ao fato de o governo Wagner ter uma das maiores bancadas de apoio da hist\u00f3ria da Assembleia.<\/p>\n","protected":false},"excerpt":{"rendered":"<p>Disputa por cargos nocauteou o projeto de Wagner Pol\u00edtica Livre Num protesto inesperado contra a partilha dos 174 cargos que ser\u00e3o criados no novo\u00a0projeto de reforma administrativa do governo, a bancada governista boicotou hoje a\u00a0aprecia\u00e7\u00e3o do pedido de urg\u00eancia para votar a proposta na pr\u00f3xima semana, impondo a primeira derrota do\u00a0segundo mandato do\u00a0governo Jaques Wagner [&hellip;]<\/p>\n","protected":false},"author":2,"featured_media":0,"comment_status":"open","ping_status":"open","sticky":false,"template":"","format":"standard","meta":{"footnotes":"","_links_to":"","_links_to_target":""},"categories":[1],"tags":[],"class_list":["post-4323","post","type-post","status-publish","format-standard","hentry","category-geral"],"views":1136,"_links":{"self":[{"href":"https:\/\/www.sudoestehoje.com.br\/novoportal\/wp-json\/wp\/v2\/posts\/4323","targetHints":{"allow":["GET"]}}],"collection":[{"href":"https:\/\/www.sudoestehoje.com.br\/novoportal\/wp-json\/wp\/v2\/posts"}],"about":[{"href":"https:\/\/www.sudoestehoje.com.br\/novoportal\/wp-json\/wp\/v2\/types\/post"}],"author":[{"embeddable":true,"href":"https:\/\/www.sudoestehoje.com.br\/novoportal\/wp-json\/wp\/v2\/users\/2"}],"replies":[{"embeddable":true,"href":"https:\/\/www.sudoestehoje.com.br\/novoportal\/wp-json\/wp\/v2\/comments?post=4323"}],"version-history":[{"count":2,"href":"https:\/\/www.sudoestehoje.com.br\/novoportal\/wp-json\/wp\/v2\/posts\/4323\/revisions"}],"predecessor-version":[{"id":4334,"href":"https:\/\/www.sudoestehoje.com.br\/novoportal\/wp-json\/wp\/v2\/posts\/4323\/revisions\/4334"}],"wp:attachment":[{"href":"https:\/\/www.sudoestehoje.com.br\/novoportal\/wp-json\/wp\/v2\/media?parent=4323"}],"wp:term":[{"taxonomy":"category","embeddable":true,"href":"https:\/\/www.sudoestehoje.com.br\/novoportal\/wp-json\/wp\/v2\/categories?post=4323"},{"taxonomy":"post_tag","embeddable":true,"href":"https:\/\/www.sudoestehoje.com.br\/novoportal\/wp-json\/wp\/v2\/tags?post=4323"}],"curies":[{"name":"wp","href":"https:\/\/api.w.org\/{rel}","templated":true}]}}