
{"id":43218,"date":"2014-10-06T12:58:24","date_gmt":"2014-10-06T15:58:24","guid":{"rendered":"http:\/\/www.sudoestehoje.com.br\/novoportal\/?p=43218"},"modified":"2014-10-06T12:58:24","modified_gmt":"2014-10-06T15:58:24","slug":"alfredo-cabral-agradece-apoios","status":"publish","type":"post","link":"https:\/\/www.sudoestehoje.com.br\/novoportal\/2014\/10\/06\/alfredo-cabral-agradece-apoios\/","title":{"rendered":"ALFREDO CABRAL AGRADECE APOIOS"},"content":{"rendered":"<p><a href=\"http:\/\/www.sudoestehoje.com.br\/novoportal\/wp-content\/uploads\/2014\/10\/alfred.jpg\"><img loading=\"lazy\" decoding=\"async\" class=\"aligncenter  wp-image-43219\" src=\"http:\/\/www.sudoestehoje.com.br\/novoportal\/wp-content\/uploads\/2014\/10\/alfred-500x681.jpg\" alt=\"alfred\" width=\"372\" height=\"507\" srcset=\"https:\/\/www.sudoestehoje.com.br\/novoportal\/wp-content\/uploads\/2014\/10\/alfred-500x681.jpg 500w, https:\/\/www.sudoestehoje.com.br\/novoportal\/wp-content\/uploads\/2014\/10\/alfred-660x900.jpg 660w, https:\/\/www.sudoestehoje.com.br\/novoportal\/wp-content\/uploads\/2014\/10\/alfred-110x150.jpg 110w, https:\/\/www.sudoestehoje.com.br\/novoportal\/wp-content\/uploads\/2014\/10\/alfred.jpg 704w\" sizes=\"auto, (max-width: 372px) 100vw, 372px\" \/><\/a><\/p>\n<p>Em sua p\u00e1gina no Facebook, o vereador Alfredo Cabral de Assis (PSD) agradeceu aos seus correligion\u00e1rios, os votos recebidos para seus candidatos, em Itapetinga: Veja a nota de agradecimento do vereador:<\/p>\n<p><em>&#8220;MENSAGEM DE AGRADECIMENTO &#8211;\u00a0O Vereador Alfredo Cabral de Assis, vem publicamente agradecer a todos pelo apoio pol\u00edtico aos candidatos \u00c2ngela Sousa, Davidson Magalh\u00e3es, Otto Alencar, Rui e Dilma. Foram alguns dias com v\u00e1rias reuni\u00f5es realizadas. Consideramos uma vota\u00e7\u00e3o expressiva obtida pelos nossos candidatos, diante das adversidades. Portanto, muito obrigado pela amizade, pelo apoio, pela confian\u00e7a e pelas ora\u00e7\u00f5es. Que Deus fique com todos. Vereador Alfredo Cabral.&#8221;<\/em><\/p>\n","protected":false},"excerpt":{"rendered":"<p>Em sua p\u00e1gina no Facebook, o vereador Alfredo Cabral de Assis (PSD) agradeceu aos seus correligion\u00e1rios, os votos recebidos para seus candidatos, em Itapetinga: Veja a nota de agradecimento do vereador: &#8220;MENSAGEM DE AGRADECIMENTO &#8211;\u00a0O Vereador Alfredo Cabral de Assis, vem publicamente agradecer a todos pelo apoio pol\u00edtico aos candidatos \u00c2ngela Sousa, Davidson Magalh\u00e3es, Otto [&hellip;]<\/p>\n","protected":false},"author":2,"featured_media":0,"comment_status":"open","ping_status":"open","sticky":false,"template":"","format":"standard","meta":{"footnotes":"","_links_to":"","_links_to_target":""},"categories":[1],"tags":[],"class_list":["post-43218","post","type-post","status-publish","format-standard","hentry","category-geral"],"views":1470,"_links":{"self":[{"href":"https:\/\/www.sudoestehoje.com.br\/novoportal\/wp-json\/wp\/v2\/posts\/43218","targetHints":{"allow":["GET"]}}],"collection":[{"href":"https:\/\/www.sudoestehoje.com.br\/novoportal\/wp-json\/wp\/v2\/posts"}],"about":[{"href":"https:\/\/www.sudoestehoje.com.br\/novoportal\/wp-json\/wp\/v2\/types\/post"}],"author":[{"embeddable":true,"href":"https:\/\/www.sudoestehoje.com.br\/novoportal\/wp-json\/wp\/v2\/users\/2"}],"replies":[{"embeddable":true,"href":"https:\/\/www.sudoestehoje.com.br\/novoportal\/wp-json\/wp\/v2\/comments?post=43218"}],"version-history":[{"count":1,"href":"https:\/\/www.sudoestehoje.com.br\/novoportal\/wp-json\/wp\/v2\/posts\/43218\/revisions"}],"predecessor-version":[{"id":43220,"href":"https:\/\/www.sudoestehoje.com.br\/novoportal\/wp-json\/wp\/v2\/posts\/43218\/revisions\/43220"}],"wp:attachment":[{"href":"https:\/\/www.sudoestehoje.com.br\/novoportal\/wp-json\/wp\/v2\/media?parent=43218"}],"wp:term":[{"taxonomy":"category","embeddable":true,"href":"https:\/\/www.sudoestehoje.com.br\/novoportal\/wp-json\/wp\/v2\/categories?post=43218"},{"taxonomy":"post_tag","embeddable":true,"href":"https:\/\/www.sudoestehoje.com.br\/novoportal\/wp-json\/wp\/v2\/tags?post=43218"}],"curies":[{"name":"wp","href":"https:\/\/api.w.org\/{rel}","templated":true}]}}