
{"id":43192,"date":"2014-10-06T09:17:59","date_gmt":"2014-10-06T12:17:59","guid":{"rendered":"http:\/\/www.sudoestehoje.com.br\/novoportal\/?p=43192"},"modified":"2014-10-06T09:40:04","modified_gmt":"2014-10-06T12:40:04","slug":"confira-a-relacao-oficial-dos-deputados-federais-eleitos-na-bahia","status":"publish","type":"post","link":"https:\/\/www.sudoestehoje.com.br\/novoportal\/2014\/10\/06\/confira-a-relacao-oficial-dos-deputados-federais-eleitos-na-bahia\/","title":{"rendered":"CONFIRA LISTA DOS DEPUTADOS FEDERAIS E ESTADUAIS ELEITOS NA BAHIA"},"content":{"rendered":"<div id=\"attachment_43194\" style=\"width: 509px\" class=\"wp-caption aligncenter\"><a href=\"http:\/\/www.sudoestehoje.com.br\/novoportal\/wp-content\/uploads\/2014\/10\/LUUCIO.jpg\"><img loading=\"lazy\" decoding=\"async\" aria-describedby=\"caption-attachment-43194\" class=\" wp-image-43194\" src=\"http:\/\/www.sudoestehoje.com.br\/novoportal\/wp-content\/uploads\/2014\/10\/LUUCIO.jpg\" alt=\"O deputado Lucio Vieira Lima (PMDB), foi o primeiro colocado na Bahia, com 222.164 votos.\" width=\"499\" height=\"269\" srcset=\"https:\/\/www.sudoestehoje.com.br\/novoportal\/wp-content\/uploads\/2014\/10\/LUUCIO.jpg 306w, https:\/\/www.sudoestehoje.com.br\/novoportal\/wp-content\/uploads\/2014\/10\/LUUCIO-150x80.jpg 150w\" sizes=\"auto, (max-width: 499px) 100vw, 499px\" \/><\/a><p id=\"caption-attachment-43194\" class=\"wp-caption-text\">O deputado Lucio Vieira Lima (PMDB), foi o primeiro colocado na Bahia, com 222.164 votos.<\/p><\/div>\n<p>A Bahia\u00a0tem 39 nomes eleitos para atua\u00e7\u00e3o na C\u00e2mara dos Deputados em um mandato de quatro anos. Do total, 23, ou 58% do quadro atual, foram reeleitos pelos eleitores baianos. O mais votado foi o peemedebista L\u00facio Vieira Lima, que obteve 222.164 votos.<\/p>\n<p>Do total, 23 s\u00e3o da coliga\u00e7\u00e3o &#8220;Pra Bahia avan\u00e7ar mais&#8221;, formadas por PT, PP, PSD, PDT, PR, PC do B, PTB e PMN; 14 da coliga\u00e7\u00e3o \u201cUnidos por uma Bahia melhor\u201d, composta por DEM, PSDB, PMDB, SD, PTN, PROS, PRB, PSC, PTC, PV, PPS, PRP, PT do B, PSDC, al\u00e9m de uma vaga de \u201cJuntos somos fortes\u201d, dos partidos PTC, PPS, PSDC, PTC, PV, PRP, PT do B.<\/p>\n<p>Cada estado ter\u00e1 uma quantidade de deputados proporcional \u00e0 sua popula\u00e7\u00e3o, sendo no m\u00ednimo oito (como Acre) e no m\u00e1ximo 70 (como S\u00e3o Paulo), em um total de 513 parlamentares.<\/p>\n<p>Abaixo, confira a rela\u00e7\u00e3o dos baianos eleitos para atuar em Bras\u00edlia.<\/p>\n<p><img loading=\"lazy\" decoding=\"async\" class=\"aligncenter\" src=\"http:\/\/img.blogdoanderson.com\/2014\/10\/lista-dos-deputados-estadual-e-federal-eleitos-na-bahia-1453528-1.jpg\" alt=\"\" width=\"490\" height=\"2537\" \/><\/p>\n","protected":false},"excerpt":{"rendered":"<p>A Bahia\u00a0tem 39 nomes eleitos para atua\u00e7\u00e3o na C\u00e2mara dos Deputados em um mandato de quatro anos. Do total, 23, ou 58% do quadro atual, foram reeleitos pelos eleitores baianos. O mais votado foi o peemedebista L\u00facio Vieira Lima, que obteve 222.164 votos. Do total, 23 s\u00e3o da coliga\u00e7\u00e3o &#8220;Pra Bahia avan\u00e7ar mais&#8221;, formadas por [&hellip;]<\/p>\n","protected":false},"author":2,"featured_media":0,"comment_status":"open","ping_status":"open","sticky":false,"template":"","format":"standard","meta":{"footnotes":"","_links_to":"","_links_to_target":""},"categories":[1],"tags":[],"class_list":["post-43192","post","type-post","status-publish","format-standard","hentry","category-geral"],"views":1422,"_links":{"self":[{"href":"https:\/\/www.sudoestehoje.com.br\/novoportal\/wp-json\/wp\/v2\/posts\/43192","targetHints":{"allow":["GET"]}}],"collection":[{"href":"https:\/\/www.sudoestehoje.com.br\/novoportal\/wp-json\/wp\/v2\/posts"}],"about":[{"href":"https:\/\/www.sudoestehoje.com.br\/novoportal\/wp-json\/wp\/v2\/types\/post"}],"author":[{"embeddable":true,"href":"https:\/\/www.sudoestehoje.com.br\/novoportal\/wp-json\/wp\/v2\/users\/2"}],"replies":[{"embeddable":true,"href":"https:\/\/www.sudoestehoje.com.br\/novoportal\/wp-json\/wp\/v2\/comments?post=43192"}],"version-history":[{"count":8,"href":"https:\/\/www.sudoestehoje.com.br\/novoportal\/wp-json\/wp\/v2\/posts\/43192\/revisions"}],"predecessor-version":[{"id":43203,"href":"https:\/\/www.sudoestehoje.com.br\/novoportal\/wp-json\/wp\/v2\/posts\/43192\/revisions\/43203"}],"wp:attachment":[{"href":"https:\/\/www.sudoestehoje.com.br\/novoportal\/wp-json\/wp\/v2\/media?parent=43192"}],"wp:term":[{"taxonomy":"category","embeddable":true,"href":"https:\/\/www.sudoestehoje.com.br\/novoportal\/wp-json\/wp\/v2\/categories?post=43192"},{"taxonomy":"post_tag","embeddable":true,"href":"https:\/\/www.sudoestehoje.com.br\/novoportal\/wp-json\/wp\/v2\/tags?post=43192"}],"curies":[{"name":"wp","href":"https:\/\/api.w.org\/{rel}","templated":true}]}}