
{"id":43152,"date":"2014-10-05T21:34:47","date_gmt":"2014-10-06T00:34:47","guid":{"rendered":"http:\/\/www.sudoestehoje.com.br\/novoportal\/?p=43152"},"modified":"2014-10-06T00:37:18","modified_gmt":"2014-10-06T03:37:18","slug":"rui-costa-e-eleito-governador-da-bahia","status":"publish","type":"post","link":"https:\/\/www.sudoestehoje.com.br\/novoportal\/2014\/10\/05\/rui-costa-e-eleito-governador-da-bahia\/","title":{"rendered":"RUI COSTA \u00c9 ELEITO GOVERNADOR DA BAHIA"},"content":{"rendered":"<p><a href=\"http:\/\/www.sudoestehoje.com.br\/novoportal\/wp-content\/uploads\/2014\/10\/Rui-Costa-elei\u00e7\u00f5es-2014.jpg\"><img loading=\"lazy\" decoding=\"async\" class=\"aligncenter size-medium wp-image-43154\" src=\"http:\/\/www.sudoestehoje.com.br\/novoportal\/wp-content\/uploads\/2014\/10\/Rui-Costa-elei\u00e7\u00f5es-2014-500x326.jpg\" alt=\"Rui-Costa-elei\u00e7\u00f5es-2014\" width=\"500\" height=\"326\" srcset=\"https:\/\/www.sudoestehoje.com.br\/novoportal\/wp-content\/uploads\/2014\/10\/Rui-Costa-elei\u00e7\u00f5es-2014-500x326.jpg 500w, https:\/\/www.sudoestehoje.com.br\/novoportal\/wp-content\/uploads\/2014\/10\/Rui-Costa-elei\u00e7\u00f5es-2014-150x98.jpg 150w, https:\/\/www.sudoestehoje.com.br\/novoportal\/wp-content\/uploads\/2014\/10\/Rui-Costa-elei\u00e7\u00f5es-2014.jpg 560w\" sizes=\"auto, (max-width: 500px) 100vw, 500px\" \/><\/a><\/p>\n<p>Rui Costa (PT) \u00e9 o novo governador da Bahia. Mais de 90% dos votos j\u00e1 foram apurados e, h\u00e1 pouco, Rui e o governador Wagner agradeceram ao povo baiano. Rui tem mais de 53,99% dos votos at\u00e9 aqui.<\/p>\n<p>&#8211; Quero reconhecer que boa parte do meu esfor\u00e7o por um projeto pol\u00edtico tem a lideran\u00e7a de Wagner. Ele merecia ser reconhecido pelo povo baiano como o maior governador das \u00faltimas d\u00e9cadas \u2013 disse Rui em agradecimento ao eleitor e reconhecimento ao governador Wagner.<\/p>\n<p>Estrela do PT no estado, Wagner agradeceu e afirmou que a elei\u00e7\u00e3o de Rui coroa trabalho de 8 anos do PT na Bahia. \u201cEstou muito contente com esta vit\u00f3ria\u2019.<\/p>\n<p>O agradecimento de ambos tamb\u00e9m foi pela vit\u00f3ria de Otto Alencar (PSD) para o Senado. Os petistas agora v\u00e3o concentrar esfor\u00e7os para tentar reeleger a presidente Dilma Rousseff (PT), que ter\u00e1 embate dif\u00edcil com o tucano A\u00e9cio Neves.<\/p>\n","protected":false},"excerpt":{"rendered":"<p>Rui Costa (PT) \u00e9 o novo governador da Bahia. Mais de 90% dos votos j\u00e1 foram apurados e, h\u00e1 pouco, Rui e o governador Wagner agradeceram ao povo baiano. Rui tem mais de 53,99% dos votos at\u00e9 aqui. &#8211; Quero reconhecer que boa parte do meu esfor\u00e7o por um projeto pol\u00edtico tem a lideran\u00e7a de [&hellip;]<\/p>\n","protected":false},"author":2,"featured_media":0,"comment_status":"open","ping_status":"open","sticky":false,"template":"","format":"standard","meta":{"footnotes":"","_links_to":"","_links_to_target":""},"categories":[1],"tags":[],"class_list":["post-43152","post","type-post","status-publish","format-standard","hentry","category-geral"],"views":1186,"_links":{"self":[{"href":"https:\/\/www.sudoestehoje.com.br\/novoportal\/wp-json\/wp\/v2\/posts\/43152","targetHints":{"allow":["GET"]}}],"collection":[{"href":"https:\/\/www.sudoestehoje.com.br\/novoportal\/wp-json\/wp\/v2\/posts"}],"about":[{"href":"https:\/\/www.sudoestehoje.com.br\/novoportal\/wp-json\/wp\/v2\/types\/post"}],"author":[{"embeddable":true,"href":"https:\/\/www.sudoestehoje.com.br\/novoportal\/wp-json\/wp\/v2\/users\/2"}],"replies":[{"embeddable":true,"href":"https:\/\/www.sudoestehoje.com.br\/novoportal\/wp-json\/wp\/v2\/comments?post=43152"}],"version-history":[{"count":2,"href":"https:\/\/www.sudoestehoje.com.br\/novoportal\/wp-json\/wp\/v2\/posts\/43152\/revisions"}],"predecessor-version":[{"id":43155,"href":"https:\/\/www.sudoestehoje.com.br\/novoportal\/wp-json\/wp\/v2\/posts\/43152\/revisions\/43155"}],"wp:attachment":[{"href":"https:\/\/www.sudoestehoje.com.br\/novoportal\/wp-json\/wp\/v2\/media?parent=43152"}],"wp:term":[{"taxonomy":"category","embeddable":true,"href":"https:\/\/www.sudoestehoje.com.br\/novoportal\/wp-json\/wp\/v2\/categories?post=43152"},{"taxonomy":"post_tag","embeddable":true,"href":"https:\/\/www.sudoestehoje.com.br\/novoportal\/wp-json\/wp\/v2\/tags?post=43152"}],"curies":[{"name":"wp","href":"https:\/\/api.w.org\/{rel}","templated":true}]}}