
{"id":43111,"date":"2014-10-05T19:21:03","date_gmt":"2014-10-05T22:21:03","guid":{"rendered":"http:\/\/www.sudoestehoje.com.br\/novoportal\/?p=43111"},"modified":"2014-10-05T19:22:45","modified_gmt":"2014-10-05T22:22:45","slug":"votos-de-herzem-gusmao-nao-aparecem-nos-boletins-do-tse","status":"publish","type":"post","link":"https:\/\/www.sudoestehoje.com.br\/novoportal\/2014\/10\/05\/votos-de-herzem-gusmao-nao-aparecem-nos-boletins-do-tse\/","title":{"rendered":"VOTOS DE H\u00c9RZEM GUSM\u00c3O N\u00c3O APARECEM NOS BOLETINS DO TRE"},"content":{"rendered":"<p><a href=\"http:\/\/www.sudoestehoje.com.br\/novoportal\/wp-content\/uploads\/2014\/10\/HERZEM-BOLETIM.jpg\"><img loading=\"lazy\" decoding=\"async\" class=\"aligncenter size-medium wp-image-43112\" src=\"http:\/\/www.sudoestehoje.com.br\/novoportal\/wp-content\/uploads\/2014\/10\/HERZEM-BOLETIM-500x335.jpg\" alt=\"HERZEM BOLETIM\" width=\"500\" height=\"335\" srcset=\"https:\/\/www.sudoestehoje.com.br\/novoportal\/wp-content\/uploads\/2014\/10\/HERZEM-BOLETIM-500x335.jpg 500w, https:\/\/www.sudoestehoje.com.br\/novoportal\/wp-content\/uploads\/2014\/10\/HERZEM-BOLETIM-700x469.jpg 700w, https:\/\/www.sudoestehoje.com.br\/novoportal\/wp-content\/uploads\/2014\/10\/HERZEM-BOLETIM-150x100.jpg 150w, https:\/\/www.sudoestehoje.com.br\/novoportal\/wp-content\/uploads\/2014\/10\/HERZEM-BOLETIM.jpg 800w\" sizes=\"auto, (max-width: 500px) 100vw, 500px\" \/><\/a><\/p>\n<p>O radialista Herzem Gusm\u00e3o Pereira, que disputou uma das 63 vagas da Assembleia Legislativa da Bahia falou na R\u00e1dio Clube de Conquista sobre a aus\u00eancia dos seus votos nos boletins do Tribunal Regional Eleitoral da Bahia (TRE-BA), por conta de um embara\u00e7o na Tribunal Superior Eleitoral (TSE).<\/p>\n<p>De acordo com Herzem muitos ve\u00edculos de comunica\u00e7\u00e3o comunicaram fatos irreais ao seu processo, tendo em vista que o seu nome saiu nas urnas. Herzem, que diz ser o mais votado entre os postulantes de Vit\u00f3ria da Conquista, convicto, afirma que vai reverter a situa\u00e7\u00e3o em Bras\u00edlia.<\/p>\n<p><em>\u201cEu quero agradecer a Deus, eu quero agradecer ao povo de minha terra Vit\u00f3ria da Conquista. Devo estar indo a qualquer momento \u00e0 Bras\u00edlia pra voltar anunciando a nossa vit\u00f3ria. Pela sinaliza\u00e7\u00e3o, pelo que n\u00f3s estamos sentindo n\u00f3s poderemos ter realmente esse mandato. Eu tenho um desejo de representar a minha terra em fun\u00e7\u00e3o das demandas, em fun\u00e7\u00e3o, eu sempre falo, de um sil\u00eancio que eu gostaria de quebrar o sil\u00eancio da omiss\u00e3o pra gente verdadeiramente defender a nossa terra\u201d<\/em>, disse o radialista. Blog do Anderson<\/p>\n","protected":false},"excerpt":{"rendered":"<p>O radialista Herzem Gusm\u00e3o Pereira, que disputou uma das 63 vagas da Assembleia Legislativa da Bahia falou na R\u00e1dio Clube de Conquista sobre a aus\u00eancia dos seus votos nos boletins do Tribunal Regional Eleitoral da Bahia (TRE-BA), por conta de um embara\u00e7o na Tribunal Superior Eleitoral (TSE). De acordo com Herzem muitos ve\u00edculos de comunica\u00e7\u00e3o [&hellip;]<\/p>\n","protected":false},"author":2,"featured_media":0,"comment_status":"open","ping_status":"open","sticky":false,"template":"","format":"standard","meta":{"footnotes":"","_links_to":"","_links_to_target":""},"categories":[1],"tags":[],"class_list":["post-43111","post","type-post","status-publish","format-standard","hentry","category-geral"],"views":1407,"_links":{"self":[{"href":"https:\/\/www.sudoestehoje.com.br\/novoportal\/wp-json\/wp\/v2\/posts\/43111","targetHints":{"allow":["GET"]}}],"collection":[{"href":"https:\/\/www.sudoestehoje.com.br\/novoportal\/wp-json\/wp\/v2\/posts"}],"about":[{"href":"https:\/\/www.sudoestehoje.com.br\/novoportal\/wp-json\/wp\/v2\/types\/post"}],"author":[{"embeddable":true,"href":"https:\/\/www.sudoestehoje.com.br\/novoportal\/wp-json\/wp\/v2\/users\/2"}],"replies":[{"embeddable":true,"href":"https:\/\/www.sudoestehoje.com.br\/novoportal\/wp-json\/wp\/v2\/comments?post=43111"}],"version-history":[{"count":2,"href":"https:\/\/www.sudoestehoje.com.br\/novoportal\/wp-json\/wp\/v2\/posts\/43111\/revisions"}],"predecessor-version":[{"id":43114,"href":"https:\/\/www.sudoestehoje.com.br\/novoportal\/wp-json\/wp\/v2\/posts\/43111\/revisions\/43114"}],"wp:attachment":[{"href":"https:\/\/www.sudoestehoje.com.br\/novoportal\/wp-json\/wp\/v2\/media?parent=43111"}],"wp:term":[{"taxonomy":"category","embeddable":true,"href":"https:\/\/www.sudoestehoje.com.br\/novoportal\/wp-json\/wp\/v2\/categories?post=43111"},{"taxonomy":"post_tag","embeddable":true,"href":"https:\/\/www.sudoestehoje.com.br\/novoportal\/wp-json\/wp\/v2\/tags?post=43111"}],"curies":[{"name":"wp","href":"https:\/\/api.w.org\/{rel}","templated":true}]}}