
{"id":43051,"date":"2014-10-04T19:56:38","date_gmt":"2014-10-04T22:56:38","guid":{"rendered":"http:\/\/www.sudoestehoje.com.br\/novoportal\/?p=43051"},"modified":"2014-10-05T00:06:18","modified_gmt":"2014-10-05T03:06:18","slug":"ibopeotto-aparece-a-frente-de-geddel","status":"publish","type":"post","link":"https:\/\/www.sudoestehoje.com.br\/novoportal\/2014\/10\/04\/ibopeotto-aparece-a-frente-de-geddel\/","title":{"rendered":"IBOPE:OTTO APARECE \u00c0 FRENTE DE GEDDEL, MAS EM EMPATE T\u00c9CNICO"},"content":{"rendered":"<p><a href=\"http:\/\/www.sudoestehoje.com.br\/novoportal\/wp-content\/uploads\/2014\/10\/OTIS.jpg\"><img loading=\"lazy\" decoding=\"async\" class=\"aligncenter size-medium wp-image-43053\" src=\"http:\/\/www.sudoestehoje.com.br\/novoportal\/wp-content\/uploads\/2014\/10\/OTIS-500x264.jpg\" alt=\"OTIS\" width=\"500\" height=\"264\" srcset=\"https:\/\/www.sudoestehoje.com.br\/novoportal\/wp-content\/uploads\/2014\/10\/OTIS-500x264.jpg 500w, https:\/\/www.sudoestehoje.com.br\/novoportal\/wp-content\/uploads\/2014\/10\/OTIS-150x79.jpg 150w, https:\/\/www.sudoestehoje.com.br\/novoportal\/wp-content\/uploads\/2014\/10\/OTIS.jpg 674w\" sizes=\"auto, (max-width: 500px) 100vw, 500px\" \/><\/a><\/p>\n<p>Dados da nova pesquisa Ibope\/ TV Bahia divulgada na noite deste s\u00e1bado (4) mostram que a disputa pela vaga de senador da Bahia ficou mais acirrada. Otto subiu de 29% para 33%, enquanto Geddel caiu de 33% para 31% na pesquisa atual. Considerando a margem de erro, os dois est\u00e3o empatados tecnicamente. A candidata Eliana Calmon (PSB) oscilou de 4% para 5%. A pesquisa est\u00e1 registrada no Tribunal Regional Eleitoral (TRE) sob o n\u00famero 00031\/2014.<\/p>\n","protected":false},"excerpt":{"rendered":"<p>Dados da nova pesquisa Ibope\/ TV Bahia divulgada na noite deste s\u00e1bado (4) mostram que a disputa pela vaga de senador da Bahia ficou mais acirrada. Otto subiu de 29% para 33%, enquanto Geddel caiu de 33% para 31% na pesquisa atual. Considerando a margem de erro, os dois est\u00e3o empatados tecnicamente. A candidata Eliana [&hellip;]<\/p>\n","protected":false},"author":2,"featured_media":0,"comment_status":"open","ping_status":"open","sticky":false,"template":"","format":"standard","meta":{"footnotes":"","_links_to":"","_links_to_target":""},"categories":[1],"tags":[],"class_list":["post-43051","post","type-post","status-publish","format-standard","hentry","category-geral"],"views":1175,"_links":{"self":[{"href":"https:\/\/www.sudoestehoje.com.br\/novoportal\/wp-json\/wp\/v2\/posts\/43051","targetHints":{"allow":["GET"]}}],"collection":[{"href":"https:\/\/www.sudoestehoje.com.br\/novoportal\/wp-json\/wp\/v2\/posts"}],"about":[{"href":"https:\/\/www.sudoestehoje.com.br\/novoportal\/wp-json\/wp\/v2\/types\/post"}],"author":[{"embeddable":true,"href":"https:\/\/www.sudoestehoje.com.br\/novoportal\/wp-json\/wp\/v2\/users\/2"}],"replies":[{"embeddable":true,"href":"https:\/\/www.sudoestehoje.com.br\/novoportal\/wp-json\/wp\/v2\/comments?post=43051"}],"version-history":[{"count":5,"href":"https:\/\/www.sudoestehoje.com.br\/novoportal\/wp-json\/wp\/v2\/posts\/43051\/revisions"}],"predecessor-version":[{"id":43058,"href":"https:\/\/www.sudoestehoje.com.br\/novoportal\/wp-json\/wp\/v2\/posts\/43051\/revisions\/43058"}],"wp:attachment":[{"href":"https:\/\/www.sudoestehoje.com.br\/novoportal\/wp-json\/wp\/v2\/media?parent=43051"}],"wp:term":[{"taxonomy":"category","embeddable":true,"href":"https:\/\/www.sudoestehoje.com.br\/novoportal\/wp-json\/wp\/v2\/categories?post=43051"},{"taxonomy":"post_tag","embeddable":true,"href":"https:\/\/www.sudoestehoje.com.br\/novoportal\/wp-json\/wp\/v2\/tags?post=43051"}],"curies":[{"name":"wp","href":"https:\/\/api.w.org\/{rel}","templated":true}]}}