
{"id":43047,"date":"2014-10-04T19:50:02","date_gmt":"2014-10-04T22:50:02","guid":{"rendered":"http:\/\/www.sudoestehoje.com.br\/novoportal\/?p=43047"},"modified":"2014-10-04T19:50:02","modified_gmt":"2014-10-04T22:50:02","slug":"ibope-mostra-paulo-souto-e-rui-costa-empatados-numericamente","status":"publish","type":"post","link":"https:\/\/www.sudoestehoje.com.br\/novoportal\/2014\/10\/04\/ibope-mostra-paulo-souto-e-rui-costa-empatados-numericamente\/","title":{"rendered":"IBOPE MOSTRA PAULO SOUTO E RUI COSTA EMPATADOS NUMERICAMENTE"},"content":{"rendered":"<p><a href=\"http:\/\/www.sudoestehoje.com.br\/novoportal\/wp-content\/uploads\/2014\/10\/rui-e-souto.jpg\"><img loading=\"lazy\" decoding=\"async\" class=\"aligncenter size-medium wp-image-43048\" src=\"http:\/\/www.sudoestehoje.com.br\/novoportal\/wp-content\/uploads\/2014\/10\/rui-e-souto-500x334.jpg\" alt=\"rui e souto\" width=\"500\" height=\"334\" srcset=\"https:\/\/www.sudoestehoje.com.br\/novoportal\/wp-content\/uploads\/2014\/10\/rui-e-souto-500x334.jpg 500w, https:\/\/www.sudoestehoje.com.br\/novoportal\/wp-content\/uploads\/2014\/10\/rui-e-souto-700x468.jpg 700w, https:\/\/www.sudoestehoje.com.br\/novoportal\/wp-content\/uploads\/2014\/10\/rui-e-souto-150x100.jpg 150w, https:\/\/www.sudoestehoje.com.br\/novoportal\/wp-content\/uploads\/2014\/10\/rui-e-souto.jpg 850w\" sizes=\"auto, (max-width: 500px) 100vw, 500px\" \/><\/a><\/p>\n<p>De acordo com os n\u00fameros divulgados na mais recente pesquisa Ibope\/TV Bahia, neste s\u00e1bado (4), v\u00e9spera do primeiro turno das elei\u00e7\u00f5es, Paulo Souto (DEM) e Rui Costa (PT) est\u00e3o em empate t\u00e9cnico na disputa ao cargo de governador do estado.<\/p>\n<p>Souto aparece com 36% das inten\u00e7\u00f5es de voto, uma queda em rela\u00e7\u00e3o \u00e0 pesquisa passada, quando tinha 43%, mesma pontua\u00e7\u00e3o de Rui Costa (PT), que subiu para 36%, contra 27% da pesquisa.<\/p>\n<p>L\u00eddice da Mata (PSB) aparece com 4%, uma oscila\u00e7\u00e3o em rela\u00e7\u00e3o ao \u00faltimo resultado, quando teve 7%. Renata Mallet (PSTU) e Marcos Mendes (PSOL) obtiveram 1% cada um. Da Luz (PRTB) que tinha 1%, n\u00e3o pontuou desta vez.<\/p>\n<p>Brancos e nulos s\u00e3o de 10% e os indecisos 12%.\u00a0A pesquisa est\u00e1 registrada no Tribunal Regional Eleitoral (TRE) sob o n\u00famero BA-00031\/2014.<\/p>\n","protected":false},"excerpt":{"rendered":"<p>De acordo com os n\u00fameros divulgados na mais recente pesquisa Ibope\/TV Bahia, neste s\u00e1bado (4), v\u00e9spera do primeiro turno das elei\u00e7\u00f5es, Paulo Souto (DEM) e Rui Costa (PT) est\u00e3o em empate t\u00e9cnico na disputa ao cargo de governador do estado. Souto aparece com 36% das inten\u00e7\u00f5es de voto, uma queda em rela\u00e7\u00e3o \u00e0 pesquisa passada, [&hellip;]<\/p>\n","protected":false},"author":2,"featured_media":0,"comment_status":"open","ping_status":"open","sticky":false,"template":"","format":"standard","meta":{"footnotes":"","_links_to":"","_links_to_target":""},"categories":[1],"tags":[],"class_list":["post-43047","post","type-post","status-publish","format-standard","hentry","category-geral"],"views":1122,"_links":{"self":[{"href":"https:\/\/www.sudoestehoje.com.br\/novoportal\/wp-json\/wp\/v2\/posts\/43047","targetHints":{"allow":["GET"]}}],"collection":[{"href":"https:\/\/www.sudoestehoje.com.br\/novoportal\/wp-json\/wp\/v2\/posts"}],"about":[{"href":"https:\/\/www.sudoestehoje.com.br\/novoportal\/wp-json\/wp\/v2\/types\/post"}],"author":[{"embeddable":true,"href":"https:\/\/www.sudoestehoje.com.br\/novoportal\/wp-json\/wp\/v2\/users\/2"}],"replies":[{"embeddable":true,"href":"https:\/\/www.sudoestehoje.com.br\/novoportal\/wp-json\/wp\/v2\/comments?post=43047"}],"version-history":[{"count":2,"href":"https:\/\/www.sudoestehoje.com.br\/novoportal\/wp-json\/wp\/v2\/posts\/43047\/revisions"}],"predecessor-version":[{"id":43050,"href":"https:\/\/www.sudoestehoje.com.br\/novoportal\/wp-json\/wp\/v2\/posts\/43047\/revisions\/43050"}],"wp:attachment":[{"href":"https:\/\/www.sudoestehoje.com.br\/novoportal\/wp-json\/wp\/v2\/media?parent=43047"}],"wp:term":[{"taxonomy":"category","embeddable":true,"href":"https:\/\/www.sudoestehoje.com.br\/novoportal\/wp-json\/wp\/v2\/categories?post=43047"},{"taxonomy":"post_tag","embeddable":true,"href":"https:\/\/www.sudoestehoje.com.br\/novoportal\/wp-json\/wp\/v2\/tags?post=43047"}],"curies":[{"name":"wp","href":"https:\/\/api.w.org\/{rel}","templated":true}]}}