
{"id":4303,"date":"2011-04-12T12:52:27","date_gmt":"2011-04-12T15:52:27","guid":{"rendered":"http:\/\/www.sudoestehoje.com.br\/novoportal\/?p=4303"},"modified":"2011-04-12T12:58:01","modified_gmt":"2011-04-12T15:58:01","slug":"bahia-de-todos-nois","status":"publish","type":"post","link":"https:\/\/www.sudoestehoje.com.br\/novoportal\/2011\/04\/12\/bahia-de-todos-nois\/","title":{"rendered":"BAHIA DE TODOS &#8216;N\u00d3IS&#8217;"},"content":{"rendered":"<p style=\"text-align: center;\"><a id=\"apf9\" href=\"http:\/\/www.google.com.br\/imgres?imgurl=http:\/\/www.nublog.com.br\/admin\/fotos\/2107casaroes.JPG&amp;imgrefurl=http:\/\/www.nublog.com.br\/postagens.php%3Fpagina%3D10%26mes%3D&amp;usg=__HQVNohVw1x9nlCZ2vrnn19UTBuk=&amp;h=288&amp;w=432&amp;sz=45&amp;hl=pt-br&amp;start=110&amp;zoom=1&amp;itbs=1&amp;tbnid=V-IPvGvrJFQW4M:&amp;tbnh=84&amp;tbnw=126&amp;prev=\/images%3Fq%3Dbahia%2Bcasar%25C3%25B5es%2Bcaindo%26start%3D100%26hl%3Dpt-br%26sa%3DN%26gbv%3D2%26ndsp%3D20%26tbm%3Disch&amp;ei=8nSkTYm9F_HRiAKWgIX1CQ\"><img loading=\"lazy\" decoding=\"async\" id=\"ipfV-IPvGvrJFQW4M:\" class=\"aligncenter\" src=\"http:\/\/t3.gstatic.com\/images?q=tbn:ANd9GcQoJK0pFttRstrjHsqQ4kBahoy8IOgA-yuHv-iCSZ48TSiErO3TNFOUDTs\" alt=\"\" width=\"126\" height=\"84\" \/><\/a><\/p>\n<p>&#8220;O jornalista Ancelmo G\u00f3is, em sua coluna no jornal O Globo, n\u00e3o poupa cr\u00edticas \u00e0 situa\u00e7\u00e3o da Bahia de Jaques Wagner\u201d, denuncia o presidente estadual do Democratas, Jos\u00e9 Carlos Aleluia. Aleluia reproduz na \u00edntegra a nota do colunista: <em>\u201cNa Bahia de Jaques Wagner, a pra\u00e7a em frente ao Mercado Modelo de Salvador virou estacionamento da Justi\u00e7a do Trabalho. Na Bahia de Jaques Wagner, os casar\u00f5es antigos ao lado do Elevador Lacerda, na Cidade Baixa, est\u00e3o caindo. Na Bahia de Jaques Wagner, museu n\u00e3o abre domingo no Pelourinho. Deve ser porque tem muito turista. Com todo o respeito\u201d.<\/em> Aleluia conclui a nota afirmando: <em>\u201cA imagem da Boa Terra, que tanto seduziu e atraiu gente de todos os cantos do mundo, est\u00e1 se deteriorando com a escalada da viol\u00eancia e a desaten\u00e7\u00e3o com nosso patrim\u00f4nio hist\u00f3rico, art\u00edstico e cultural. Triste Bahia de Jaques Wagner\u201d.<\/em><\/p>\n","protected":false},"excerpt":{"rendered":"<p>&#8220;O jornalista Ancelmo G\u00f3is, em sua coluna no jornal O Globo, n\u00e3o poupa cr\u00edticas \u00e0 situa\u00e7\u00e3o da Bahia de Jaques Wagner\u201d, denuncia o presidente estadual do Democratas, Jos\u00e9 Carlos Aleluia. Aleluia reproduz na \u00edntegra a nota do colunista: \u201cNa Bahia de Jaques Wagner, a pra\u00e7a em frente ao Mercado Modelo de Salvador virou estacionamento da [&hellip;]<\/p>\n","protected":false},"author":2,"featured_media":0,"comment_status":"open","ping_status":"open","sticky":false,"template":"","format":"standard","meta":{"footnotes":"","_links_to":"","_links_to_target":""},"categories":[11],"tags":[],"class_list":["post-4303","post","type-post","status-publish","format-standard","hentry","category-quentinhas"],"views":197,"_links":{"self":[{"href":"https:\/\/www.sudoestehoje.com.br\/novoportal\/wp-json\/wp\/v2\/posts\/4303","targetHints":{"allow":["GET"]}}],"collection":[{"href":"https:\/\/www.sudoestehoje.com.br\/novoportal\/wp-json\/wp\/v2\/posts"}],"about":[{"href":"https:\/\/www.sudoestehoje.com.br\/novoportal\/wp-json\/wp\/v2\/types\/post"}],"author":[{"embeddable":true,"href":"https:\/\/www.sudoestehoje.com.br\/novoportal\/wp-json\/wp\/v2\/users\/2"}],"replies":[{"embeddable":true,"href":"https:\/\/www.sudoestehoje.com.br\/novoportal\/wp-json\/wp\/v2\/comments?post=4303"}],"version-history":[{"count":3,"href":"https:\/\/www.sudoestehoje.com.br\/novoportal\/wp-json\/wp\/v2\/posts\/4303\/revisions"}],"predecessor-version":[{"id":4305,"href":"https:\/\/www.sudoestehoje.com.br\/novoportal\/wp-json\/wp\/v2\/posts\/4303\/revisions\/4305"}],"wp:attachment":[{"href":"https:\/\/www.sudoestehoje.com.br\/novoportal\/wp-json\/wp\/v2\/media?parent=4303"}],"wp:term":[{"taxonomy":"category","embeddable":true,"href":"https:\/\/www.sudoestehoje.com.br\/novoportal\/wp-json\/wp\/v2\/categories?post=4303"},{"taxonomy":"post_tag","embeddable":true,"href":"https:\/\/www.sudoestehoje.com.br\/novoportal\/wp-json\/wp\/v2\/tags?post=4303"}],"curies":[{"name":"wp","href":"https:\/\/api.w.org\/{rel}","templated":true}]}}