
{"id":43004,"date":"2014-10-04T01:39:52","date_gmt":"2014-10-04T04:39:52","guid":{"rendered":"http:\/\/www.sudoestehoje.com.br\/novoportal\/?p=43004"},"modified":"2014-10-04T01:39:52","modified_gmt":"2014-10-04T04:39:52","slug":"heraldo-rocha-wagner-precisa-explicar-contratacao-irregular-com-agencia-de-viagem","status":"publish","type":"post","link":"https:\/\/www.sudoestehoje.com.br\/novoportal\/2014\/10\/04\/heraldo-rocha-wagner-precisa-explicar-contratacao-irregular-com-agencia-de-viagem\/","title":{"rendered":"HERALDO ROCHA: &#8220;WAGNER PRECISA EXPLICAR CONTRATA\u00c7\u00c3O IRREGULAR COM AG\u00caNCIA DE VIAGEM&#8221;"},"content":{"rendered":"<p><a href=\"http:\/\/www.sudoestehoje.com.br\/novoportal\/wp-content\/uploads\/2014\/10\/HERAL.jpg\"><img loading=\"lazy\" decoding=\"async\" class=\"aligncenter size-medium wp-image-43007\" src=\"http:\/\/www.sudoestehoje.com.br\/novoportal\/wp-content\/uploads\/2014\/10\/HERAL-500x271.jpg\" alt=\"HERAL\" width=\"500\" height=\"271\" srcset=\"https:\/\/www.sudoestehoje.com.br\/novoportal\/wp-content\/uploads\/2014\/10\/HERAL-500x271.jpg 500w, https:\/\/www.sudoestehoje.com.br\/novoportal\/wp-content\/uploads\/2014\/10\/HERAL-150x81.jpg 150w, https:\/\/www.sudoestehoje.com.br\/novoportal\/wp-content\/uploads\/2014\/10\/HERAL.jpg 590w\" sizes=\"auto, (max-width: 500px) 100vw, 500px\" \/><\/a><\/p>\n<p>\u201cO governador Jaques Wagner precisa explicar a contrata\u00e7\u00e3o por R$ 768 mil, sem licita\u00e7\u00e3o, de ag\u00eancia de viagens para compra de passagens e reservas em hot\u00e9is durante seis meses, extrapolando seu mandato\u201d, diz o presidente do Democratas Salvador, Heraldo Rocha. \u201cSer\u00e1 que, nesta maracutaia, est\u00e3o inclu\u00eddas as f\u00e9rias do Bar\u00e3o da Vit\u00f3ria por conta do er\u00e1rio? Olho nele, Minist\u00e9rio P\u00fablico!\u201d.<\/p>\n<p>Heraldo Rocha lembra que Wagner, o governador da mordomia de andar de helic\u00f3ptero pra cima e pra baixo, j\u00e1 adquiriu um ap\u00ea de luxo na Vit\u00f3ria, um dos metros quadrados mais valorizados do Brasil, para quando deixar o Pal\u00e1cio de Ondina. \u201cMas dizem \u00e0 boca pequena que ele vai voltar pro Rio de Janeiro, onde j\u00e1 teria comprado uma cobertura no Leblon, um dos metros quadrados mais valorizados do mundo\u201d, revela Rocha.<\/p>\n<p>Para Heraldo Rocha, a vista da Ba\u00eda de Todos os Santos vai ficar para quando o Bar\u00e3o da Vit\u00f3ria passar por aqui com o objetivo de rever os amigos. \u201cLuxo pouco \u00e9 bobagem para um aristocrata petista\u201d.<\/p>\n","protected":false},"excerpt":{"rendered":"<p>\u201cO governador Jaques Wagner precisa explicar a contrata\u00e7\u00e3o por R$ 768 mil, sem licita\u00e7\u00e3o, de ag\u00eancia de viagens para compra de passagens e reservas em hot\u00e9is durante seis meses, extrapolando seu mandato\u201d, diz o presidente do Democratas Salvador, Heraldo Rocha. \u201cSer\u00e1 que, nesta maracutaia, est\u00e3o inclu\u00eddas as f\u00e9rias do Bar\u00e3o da Vit\u00f3ria por conta do [&hellip;]<\/p>\n","protected":false},"author":2,"featured_media":0,"comment_status":"open","ping_status":"open","sticky":false,"template":"","format":"standard","meta":{"footnotes":"","_links_to":"","_links_to_target":""},"categories":[1],"tags":[],"class_list":["post-43004","post","type-post","status-publish","format-standard","hentry","category-geral"],"views":1018,"_links":{"self":[{"href":"https:\/\/www.sudoestehoje.com.br\/novoportal\/wp-json\/wp\/v2\/posts\/43004","targetHints":{"allow":["GET"]}}],"collection":[{"href":"https:\/\/www.sudoestehoje.com.br\/novoportal\/wp-json\/wp\/v2\/posts"}],"about":[{"href":"https:\/\/www.sudoestehoje.com.br\/novoportal\/wp-json\/wp\/v2\/types\/post"}],"author":[{"embeddable":true,"href":"https:\/\/www.sudoestehoje.com.br\/novoportal\/wp-json\/wp\/v2\/users\/2"}],"replies":[{"embeddable":true,"href":"https:\/\/www.sudoestehoje.com.br\/novoportal\/wp-json\/wp\/v2\/comments?post=43004"}],"version-history":[{"count":3,"href":"https:\/\/www.sudoestehoje.com.br\/novoportal\/wp-json\/wp\/v2\/posts\/43004\/revisions"}],"predecessor-version":[{"id":43008,"href":"https:\/\/www.sudoestehoje.com.br\/novoportal\/wp-json\/wp\/v2\/posts\/43004\/revisions\/43008"}],"wp:attachment":[{"href":"https:\/\/www.sudoestehoje.com.br\/novoportal\/wp-json\/wp\/v2\/media?parent=43004"}],"wp:term":[{"taxonomy":"category","embeddable":true,"href":"https:\/\/www.sudoestehoje.com.br\/novoportal\/wp-json\/wp\/v2\/categories?post=43004"},{"taxonomy":"post_tag","embeddable":true,"href":"https:\/\/www.sudoestehoje.com.br\/novoportal\/wp-json\/wp\/v2\/tags?post=43004"}],"curies":[{"name":"wp","href":"https:\/\/api.w.org\/{rel}","templated":true}]}}