
{"id":430,"date":"2010-07-30T00:04:02","date_gmt":"2010-07-30T03:04:02","guid":{"rendered":"http:\/\/sudoestehoje.tempsite.ws\/novoportal\/?p=430"},"modified":"2010-09-18T15:35:58","modified_gmt":"2010-09-18T18:35:58","slug":"wagner-garante-reforma-do-aeroporto-de-conquista","status":"publish","type":"post","link":"https:\/\/www.sudoestehoje.com.br\/novoportal\/2010\/07\/30\/wagner-garante-reforma-do-aeroporto-de-conquista\/","title":{"rendered":"WAGNER GARANTE REFORMA DO AEROPORTO DE CONQUISTA"},"content":{"rendered":"<div>\n<div>\n<div style=\"text-align: center;\"><img loading=\"lazy\" decoding=\"async\" title=\"aeroporto conquista\" src=\"http:\/\/www.blogdaresenhageral.com.br\/v1\/wp-content\/uploads\/aeroporto4-300x225.jpg\" border=\"0\" alt=\"\" width=\"300\" height=\"225\" \/><\/div>\n<div style=\"text-align: center;\">Popula\u00e7\u00e3o conquistense clama por um novo aeroporto<\/div>\n<\/div>\n<p>VIT\u00d3RIA  DA CONQUISTA: O governador e candidato \u00e0 reelei\u00e7\u00e3o Jaques Wagner (PT),  comprometeu-se nesta quinta, durante o encontro de lideran\u00e7as em Vit\u00f3ria  da Conquista, em acelerar a obra de reforma e amplia\u00e7\u00e3o do aeroporto da  cidade. Wagner explicou que existia um projeto de amplia\u00e7\u00e3o do atual  aeroporto, mas a Ag\u00eancia Nacional de Avia\u00e7\u00e3o Civil (ANAC) recomendou uma  modifica\u00e7\u00e3o. \u201cA Anac ficou mais rigorosa e como o aeroporto daqui  estava pr\u00f3ximo a muitas casas eles vetaram o projeto. Mas eu garanto  que, logo, vamos apresentar o novo projeto\u201d, disse.<\/p>\n<\/div>\n","protected":false},"excerpt":{"rendered":"<p>Popula\u00e7\u00e3o conquistense clama por um novo aeroporto VIT\u00d3RIA DA CONQUISTA: O governador e candidato \u00e0 reelei\u00e7\u00e3o Jaques Wagner (PT), comprometeu-se nesta quinta, durante o encontro de lideran\u00e7as em Vit\u00f3ria da Conquista, em acelerar a obra de reforma e amplia\u00e7\u00e3o do aeroporto da cidade. Wagner explicou que existia um projeto de amplia\u00e7\u00e3o do atual aeroporto, mas [&hellip;]<\/p>\n","protected":false},"author":1,"featured_media":0,"comment_status":"open","ping_status":"open","sticky":false,"template":"","format":"standard","meta":{"footnotes":"","_links_to":"","_links_to_target":""},"categories":[1],"tags":[],"class_list":["post-430","post","type-post","status-publish","format-standard","hentry","category-geral"],"views":1349,"_links":{"self":[{"href":"https:\/\/www.sudoestehoje.com.br\/novoportal\/wp-json\/wp\/v2\/posts\/430","targetHints":{"allow":["GET"]}}],"collection":[{"href":"https:\/\/www.sudoestehoje.com.br\/novoportal\/wp-json\/wp\/v2\/posts"}],"about":[{"href":"https:\/\/www.sudoestehoje.com.br\/novoportal\/wp-json\/wp\/v2\/types\/post"}],"author":[{"embeddable":true,"href":"https:\/\/www.sudoestehoje.com.br\/novoportal\/wp-json\/wp\/v2\/users\/1"}],"replies":[{"embeddable":true,"href":"https:\/\/www.sudoestehoje.com.br\/novoportal\/wp-json\/wp\/v2\/comments?post=430"}],"version-history":[{"count":2,"href":"https:\/\/www.sudoestehoje.com.br\/novoportal\/wp-json\/wp\/v2\/posts\/430\/revisions"}],"predecessor-version":[{"id":432,"href":"https:\/\/www.sudoestehoje.com.br\/novoportal\/wp-json\/wp\/v2\/posts\/430\/revisions\/432"}],"wp:attachment":[{"href":"https:\/\/www.sudoestehoje.com.br\/novoportal\/wp-json\/wp\/v2\/media?parent=430"}],"wp:term":[{"taxonomy":"category","embeddable":true,"href":"https:\/\/www.sudoestehoje.com.br\/novoportal\/wp-json\/wp\/v2\/categories?post=430"},{"taxonomy":"post_tag","embeddable":true,"href":"https:\/\/www.sudoestehoje.com.br\/novoportal\/wp-json\/wp\/v2\/tags?post=430"}],"curies":[{"name":"wp","href":"https:\/\/api.w.org\/{rel}","templated":true}]}}