
{"id":42922,"date":"2014-10-03T17:13:49","date_gmt":"2014-10-03T20:13:49","guid":{"rendered":"http:\/\/www.sudoestehoje.com.br\/novoportal\/?p=42922"},"modified":"2014-10-03T21:43:00","modified_gmt":"2014-10-04T00:43:00","slug":"istoesensus-dilma-lidera-com-375-marina-tem-255-e-aecio-206","status":"publish","type":"post","link":"https:\/\/www.sudoestehoje.com.br\/novoportal\/2014\/10\/03\/istoesensus-dilma-lidera-com-375-marina-tem-255-e-aecio-206\/","title":{"rendered":"ISTO\u00c9\/SENSUS: DILMA LIDERA COM 37,5%, MARINA TEM 22,5% E A\u00c9CIO 20,6%"},"content":{"rendered":"<p><a href=\"http:\/\/www.sudoestehoje.com.br\/novoportal\/wp-content\/uploads\/2014\/10\/CANDIS.jpg\"><img loading=\"lazy\" decoding=\"async\" class=\"aligncenter size-medium wp-image-42923\" src=\"http:\/\/www.sudoestehoje.com.br\/novoportal\/wp-content\/uploads\/2014\/10\/CANDIS-500x281.jpg\" alt=\"CANDIS\" width=\"500\" height=\"281\" srcset=\"https:\/\/www.sudoestehoje.com.br\/novoportal\/wp-content\/uploads\/2014\/10\/CANDIS-500x281.jpg 500w, https:\/\/www.sudoestehoje.com.br\/novoportal\/wp-content\/uploads\/2014\/10\/CANDIS-150x84.jpg 150w, https:\/\/www.sudoestehoje.com.br\/novoportal\/wp-content\/uploads\/2014\/10\/CANDIS.jpg 597w\" sizes=\"auto, (max-width: 500px) 100vw, 500px\" \/><\/a><\/p>\n<p>Na pesquisa de inten\u00e7\u00f5es de voto Isto\u00e9\/Sensus divugada nesta sexta-feira (3), Marina Silva (PSB) e A\u00e9cio Neves (PSDB) aparecem tecnicamente empatados, com a margem de 2,2% para mais ou para menos.A socialista aparece com 22,5%, o tucano, com 20,6%. A presidente Dilma Rousseff (PT) lidera com 37,3% da prefer\u00eancia do eleitorado. Indecisos somam 14,4%; 9,4% n\u00e3o souberam ou n\u00e3o opinaram.<\/p>\n<p>Na simula\u00e7\u00e3o de segundo turno entre Dilma e Marina, a petista aparece com 44%, enquanto a ex-ministra obteve 37,6%. Indecisos, brancos e nulos somaram 18,5%.O Sensus tamb\u00e9m simulou um cen\u00e1rio de disputa entre Dilma e A\u00e9cio: ela conseguiu 45,8% das inten\u00e7\u00f5es de voto, enquanto o ex-governador mineiro tem 36,9%; indecisos, brancos e nulos somam 17,4%.<\/p>\n","protected":false},"excerpt":{"rendered":"<p>Na pesquisa de inten\u00e7\u00f5es de voto Isto\u00e9\/Sensus divugada nesta sexta-feira (3), Marina Silva (PSB) e A\u00e9cio Neves (PSDB) aparecem tecnicamente empatados, com a margem de 2,2% para mais ou para menos.A socialista aparece com 22,5%, o tucano, com 20,6%. A presidente Dilma Rousseff (PT) lidera com 37,3% da prefer\u00eancia do eleitorado. Indecisos somam 14,4%; 9,4% [&hellip;]<\/p>\n","protected":false},"author":2,"featured_media":0,"comment_status":"open","ping_status":"open","sticky":false,"template":"","format":"standard","meta":{"footnotes":"","_links_to":"","_links_to_target":""},"categories":[1],"tags":[],"class_list":["post-42922","post","type-post","status-publish","format-standard","hentry","category-geral"],"views":1275,"_links":{"self":[{"href":"https:\/\/www.sudoestehoje.com.br\/novoportal\/wp-json\/wp\/v2\/posts\/42922","targetHints":{"allow":["GET"]}}],"collection":[{"href":"https:\/\/www.sudoestehoje.com.br\/novoportal\/wp-json\/wp\/v2\/posts"}],"about":[{"href":"https:\/\/www.sudoestehoje.com.br\/novoportal\/wp-json\/wp\/v2\/types\/post"}],"author":[{"embeddable":true,"href":"https:\/\/www.sudoestehoje.com.br\/novoportal\/wp-json\/wp\/v2\/users\/2"}],"replies":[{"embeddable":true,"href":"https:\/\/www.sudoestehoje.com.br\/novoportal\/wp-json\/wp\/v2\/comments?post=42922"}],"version-history":[{"count":2,"href":"https:\/\/www.sudoestehoje.com.br\/novoportal\/wp-json\/wp\/v2\/posts\/42922\/revisions"}],"predecessor-version":[{"id":42929,"href":"https:\/\/www.sudoestehoje.com.br\/novoportal\/wp-json\/wp\/v2\/posts\/42922\/revisions\/42929"}],"wp:attachment":[{"href":"https:\/\/www.sudoestehoje.com.br\/novoportal\/wp-json\/wp\/v2\/media?parent=42922"}],"wp:term":[{"taxonomy":"category","embeddable":true,"href":"https:\/\/www.sudoestehoje.com.br\/novoportal\/wp-json\/wp\/v2\/categories?post=42922"},{"taxonomy":"post_tag","embeddable":true,"href":"https:\/\/www.sudoestehoje.com.br\/novoportal\/wp-json\/wp\/v2\/tags?post=42922"}],"curies":[{"name":"wp","href":"https:\/\/api.w.org\/{rel}","templated":true}]}}