
{"id":42917,"date":"2014-10-03T13:34:12","date_gmt":"2014-10-03T16:34:12","guid":{"rendered":"http:\/\/www.sudoestehoje.com.br\/novoportal\/?p=42917"},"modified":"2014-10-03T13:56:49","modified_gmt":"2014-10-03T16:56:49","slug":"em-itabuna-davidson-magalhaes-faz-caminhada-com-8-mil-participantes","status":"publish","type":"post","link":"https:\/\/www.sudoestehoje.com.br\/novoportal\/2014\/10\/03\/em-itabuna-davidson-magalhaes-faz-caminhada-com-8-mil-participantes\/","title":{"rendered":"EM ITABUNA, DAVIDSON MAGALH\u00c3ES FAZ CAMINHADA COM 8 MIL PARTICIPANTES"},"content":{"rendered":"<p><a href=\"http:\/\/www.sudoestehoje.com.br\/novoportal\/wp-content\/uploads\/2014\/10\/caminhada-foto-Andreyver-Lima.jpg\"><img loading=\"lazy\" decoding=\"async\" class=\"aligncenter size-medium wp-image-42918\" src=\"http:\/\/www.sudoestehoje.com.br\/novoportal\/wp-content\/uploads\/2014\/10\/caminhada-foto-Andreyver-Lima-500x375.jpg\" alt=\"caminhada-foto-Andreyver-Lima\" width=\"500\" height=\"375\" srcset=\"https:\/\/www.sudoestehoje.com.br\/novoportal\/wp-content\/uploads\/2014\/10\/caminhada-foto-Andreyver-Lima-500x375.jpg 500w, https:\/\/www.sudoestehoje.com.br\/novoportal\/wp-content\/uploads\/2014\/10\/caminhada-foto-Andreyver-Lima-700x525.jpg 700w, https:\/\/www.sudoestehoje.com.br\/novoportal\/wp-content\/uploads\/2014\/10\/caminhada-foto-Andreyver-Lima-150x112.jpg 150w, https:\/\/www.sudoestehoje.com.br\/novoportal\/wp-content\/uploads\/2014\/10\/caminhada-foto-Andreyver-Lima.jpg 960w\" sizes=\"auto, (max-width: 500px) 100vw, 500px\" \/><\/a><\/p>\n<p>O candidato a deputado federal Davidson Magalh\u00e3es, do PCdoB, reuniu cerca de 8 mil pessoas em uma caminhada que parou Itabuna na tarde desta quinta-feira (2). A mobiliza\u00e7\u00e3o come\u00e7ou no Jardim do \u00d3, percorreu toda a Avenida do Cinquenten\u00e1rio e a Juracy Magalh\u00e3es, terminando com um ato p\u00fablico na pra\u00e7a do bairro de F\u00e1tima.<\/p>\n<p>No ato realizado no bairro de F\u00e1tima, o prefeito Vane n\u00e3o deixou de mencionar a chapa majorit\u00e1ria e defendeu a continuidade. Segundo o prefeito, \u201c2014 foi um ano hist\u00f3rico para Itabuna, por conta da instala\u00e7\u00e3o da Universidade Federal do Sul da Bahia (UFSB)\u201d. Ele tamb\u00e9m citou o an\u00fancio da retomada das obras da barragem do Rio Col\u00f4nia e afirmou que \u201cos recursos para a duplica\u00e7\u00e3o da rodovia Ilh\u00e9us \u2013 Itabuna j\u00e1 est\u00e3o assegurados\u201d.<\/p>\n<p>Davidson bateu na tecla da necessidade de fortalecer a representa\u00e7\u00e3o sul-baiana na C\u00e2mara Federal. Segundo o candidato, a regi\u00e3o j\u00e1 perdeu diversas oportunidades por ser \u201csub-representada\u201d.<\/p>\n<p>Em Itapetinga o candidato Davidson Magalh\u00e3es \u00e9 apoiado pelo vereador Alfredo Cabral (PSD) e pelo diret\u00f3rio local do PCdoB. Informa\u00e7\u00f5es do Pimenta.<\/p>\n","protected":false},"excerpt":{"rendered":"<p>O candidato a deputado federal Davidson Magalh\u00e3es, do PCdoB, reuniu cerca de 8 mil pessoas em uma caminhada que parou Itabuna na tarde desta quinta-feira (2). A mobiliza\u00e7\u00e3o come\u00e7ou no Jardim do \u00d3, percorreu toda a Avenida do Cinquenten\u00e1rio e a Juracy Magalh\u00e3es, terminando com um ato p\u00fablico na pra\u00e7a do bairro de F\u00e1tima. No [&hellip;]<\/p>\n","protected":false},"author":2,"featured_media":0,"comment_status":"open","ping_status":"open","sticky":false,"template":"","format":"standard","meta":{"footnotes":"","_links_to":"","_links_to_target":""},"categories":[1],"tags":[],"class_list":["post-42917","post","type-post","status-publish","format-standard","hentry","category-geral"],"views":1042,"_links":{"self":[{"href":"https:\/\/www.sudoestehoje.com.br\/novoportal\/wp-json\/wp\/v2\/posts\/42917","targetHints":{"allow":["GET"]}}],"collection":[{"href":"https:\/\/www.sudoestehoje.com.br\/novoportal\/wp-json\/wp\/v2\/posts"}],"about":[{"href":"https:\/\/www.sudoestehoje.com.br\/novoportal\/wp-json\/wp\/v2\/types\/post"}],"author":[{"embeddable":true,"href":"https:\/\/www.sudoestehoje.com.br\/novoportal\/wp-json\/wp\/v2\/users\/2"}],"replies":[{"embeddable":true,"href":"https:\/\/www.sudoestehoje.com.br\/novoportal\/wp-json\/wp\/v2\/comments?post=42917"}],"version-history":[{"count":3,"href":"https:\/\/www.sudoestehoje.com.br\/novoportal\/wp-json\/wp\/v2\/posts\/42917\/revisions"}],"predecessor-version":[{"id":42921,"href":"https:\/\/www.sudoestehoje.com.br\/novoportal\/wp-json\/wp\/v2\/posts\/42917\/revisions\/42921"}],"wp:attachment":[{"href":"https:\/\/www.sudoestehoje.com.br\/novoportal\/wp-json\/wp\/v2\/media?parent=42917"}],"wp:term":[{"taxonomy":"category","embeddable":true,"href":"https:\/\/www.sudoestehoje.com.br\/novoportal\/wp-json\/wp\/v2\/categories?post=42917"},{"taxonomy":"post_tag","embeddable":true,"href":"https:\/\/www.sudoestehoje.com.br\/novoportal\/wp-json\/wp\/v2\/tags?post=42917"}],"curies":[{"name":"wp","href":"https:\/\/api.w.org\/{rel}","templated":true}]}}