
{"id":4284,"date":"2011-04-12T00:20:32","date_gmt":"2011-04-12T03:20:32","guid":{"rendered":"http:\/\/www.sudoestehoje.com.br\/novoportal\/?p=4284"},"modified":"2011-04-12T00:20:32","modified_gmt":"2011-04-12T03:20:32","slug":"bandeira-do-colonia-bebe-morre-sufocado-enquanto-dormia-com-os-pais","status":"publish","type":"post","link":"https:\/\/www.sudoestehoje.com.br\/novoportal\/2011\/04\/12\/bandeira-do-colonia-bebe-morre-sufocado-enquanto-dormia-com-os-pais\/","title":{"rendered":"BANDEIRA DO COL\u00d4NIA: BEB\u00ca MORRE SUFOCADO ENQUANTO DORMIA COM OS PAIS"},"content":{"rendered":"<p style=\"text-align: center;\"><img decoding=\"async\" src=\"http:\/\/midia.folhavitoria.com.br\/img\/lib\/2010\/11\/bebe_morre_sufocado_apos_dormir_na_cama_com_a_mae___175d898ad9.jpg\" alt=\"\" \/><\/p>\n<p style=\"text-align: center;\">(Foto divulga\u00e7\u00e3o)<\/p>\n<p>\u00a0<\/p>\n<p>ITAPETINGA: Um beb\u00ea rec\u00e9m-nascido morreu asfixiado enquanto dormia com os pais na manh\u00e3 deste domingo (10),\u00a0no distrito de Bandeira do Col\u00f4nia,\u00a0em Itapetinga.\u00a0De acordo com o boletim m\u00e9dico do Hospital Municipal de Itoror\u00f3, os\u00a0genitores informaram que a crian\u00e7a dormia na\u00a0cama com\u00a0eles e, ao pegarem no sono, sem notar,\u00a0o sufocaram. O filho do casal chegou a ser levado\u00a0por uma vizinha, mas j\u00e1 chegou\u00a0\u00e0 unidade m\u00e9dica morto.<\/p>\n<p>O corpo foi liberado no in\u00edcio da tarde de domingo e seguiu para o distrito de Bandeira do Col\u00f4nia, na zona rural de Itapetinga, para ser sepultado. At\u00e9 a manh\u00e3 desta segunda (11), o Hospital de Itoror\u00f3 ainda n\u00e3o tinha comunicado o caso \u00e0 pol\u00edcia. O delegado Franklin Nogueira afirmou que buscar\u00e1 informa\u00e7\u00f5es para que o caso comece a ser investigado.<\/p>\n","protected":false},"excerpt":{"rendered":"<p>(Foto divulga\u00e7\u00e3o) \u00a0 ITAPETINGA: Um beb\u00ea rec\u00e9m-nascido morreu asfixiado enquanto dormia com os pais na manh\u00e3 deste domingo (10),\u00a0no distrito de Bandeira do Col\u00f4nia,\u00a0em Itapetinga.\u00a0De acordo com o boletim m\u00e9dico do Hospital Municipal de Itoror\u00f3, os\u00a0genitores informaram que a crian\u00e7a dormia na\u00a0cama com\u00a0eles e, ao pegarem no sono, sem notar,\u00a0o sufocaram. O filho do casal [&hellip;]<\/p>\n","protected":false},"author":2,"featured_media":0,"comment_status":"open","ping_status":"open","sticky":false,"template":"","format":"standard","meta":{"footnotes":"","_links_to":"","_links_to_target":""},"categories":[1],"tags":[],"class_list":["post-4284","post","type-post","status-publish","format-standard","hentry","category-geral"],"views":1310,"_links":{"self":[{"href":"https:\/\/www.sudoestehoje.com.br\/novoportal\/wp-json\/wp\/v2\/posts\/4284","targetHints":{"allow":["GET"]}}],"collection":[{"href":"https:\/\/www.sudoestehoje.com.br\/novoportal\/wp-json\/wp\/v2\/posts"}],"about":[{"href":"https:\/\/www.sudoestehoje.com.br\/novoportal\/wp-json\/wp\/v2\/types\/post"}],"author":[{"embeddable":true,"href":"https:\/\/www.sudoestehoje.com.br\/novoportal\/wp-json\/wp\/v2\/users\/2"}],"replies":[{"embeddable":true,"href":"https:\/\/www.sudoestehoje.com.br\/novoportal\/wp-json\/wp\/v2\/comments?post=4284"}],"version-history":[{"count":2,"href":"https:\/\/www.sudoestehoje.com.br\/novoportal\/wp-json\/wp\/v2\/posts\/4284\/revisions"}],"predecessor-version":[{"id":4294,"href":"https:\/\/www.sudoestehoje.com.br\/novoportal\/wp-json\/wp\/v2\/posts\/4284\/revisions\/4294"}],"wp:attachment":[{"href":"https:\/\/www.sudoestehoje.com.br\/novoportal\/wp-json\/wp\/v2\/media?parent=4284"}],"wp:term":[{"taxonomy":"category","embeddable":true,"href":"https:\/\/www.sudoestehoje.com.br\/novoportal\/wp-json\/wp\/v2\/categories?post=4284"},{"taxonomy":"post_tag","embeddable":true,"href":"https:\/\/www.sudoestehoje.com.br\/novoportal\/wp-json\/wp\/v2\/tags?post=4284"}],"curies":[{"name":"wp","href":"https:\/\/api.w.org\/{rel}","templated":true}]}}