
{"id":42803,"date":"2014-10-02T23:08:53","date_gmt":"2014-10-03T02:08:53","guid":{"rendered":"http:\/\/www.sudoestehoje.com.br\/novoportal\/?p=42803"},"modified":"2014-10-02T23:19:07","modified_gmt":"2014-10-03T02:19:07","slug":"advogado-e-preso-com-quadrilha-que-arrombou-banco-em-maiquinique","status":"publish","type":"post","link":"https:\/\/www.sudoestehoje.com.br\/novoportal\/2014\/10\/02\/advogado-e-preso-com-quadrilha-que-arrombou-banco-em-maiquinique\/","title":{"rendered":"ADVOGADO \u00c9 PRESO COM QUADRILHA QUE ARROMBOU BANCO EM MAIQUINIQUE"},"content":{"rendered":"<p><a href=\"http:\/\/www.sudoestehoje.com.br\/novoportal\/wp-content\/uploads\/2014\/10\/ADVOGADO.jpg\"><img loading=\"lazy\" decoding=\"async\" class=\"aligncenter size-medium wp-image-42804\" src=\"http:\/\/www.sudoestehoje.com.br\/novoportal\/wp-content\/uploads\/2014\/10\/ADVOGADO-500x299.jpg\" alt=\"ADVOGADO\" width=\"500\" height=\"299\" srcset=\"https:\/\/www.sudoestehoje.com.br\/novoportal\/wp-content\/uploads\/2014\/10\/ADVOGADO-500x299.jpg 500w, https:\/\/www.sudoestehoje.com.br\/novoportal\/wp-content\/uploads\/2014\/10\/ADVOGADO-700x419.jpg 700w, https:\/\/www.sudoestehoje.com.br\/novoportal\/wp-content\/uploads\/2014\/10\/ADVOGADO-150x89.jpg 150w, https:\/\/www.sudoestehoje.com.br\/novoportal\/wp-content\/uploads\/2014\/10\/ADVOGADO.jpg 857w\" sizes=\"auto, (max-width: 500px) 100vw, 500px\" \/><\/a><\/p>\n<p>Nesta quinta-feira, a Pol\u00edcia Civil prendeu oito homens acusados de estourar, durante a madrugada, os caixas eletr\u00f4nicos de uma ag\u00eancia banc\u00e1ria, na cidade de Maiquinique. Entre os presos, est\u00e1 o advogado Mateus Porto, que trabalha na prefeitura de Igua\u00ed.<\/p>\n<p><a href=\"http:\/\/www.sudoestehoje.com.br\/novoportal\/wp-content\/uploads\/2014\/10\/banco.jpg\"><img loading=\"lazy\" decoding=\"async\" class=\"aligncenter size-medium wp-image-42807\" src=\"http:\/\/www.sudoestehoje.com.br\/novoportal\/wp-content\/uploads\/2014\/10\/banco-500x375.jpg\" alt=\"banco\" width=\"500\" height=\"375\" srcset=\"https:\/\/www.sudoestehoje.com.br\/novoportal\/wp-content\/uploads\/2014\/10\/banco-500x375.jpg 500w, https:\/\/www.sudoestehoje.com.br\/novoportal\/wp-content\/uploads\/2014\/10\/banco-700x525.jpg 700w, https:\/\/www.sudoestehoje.com.br\/novoportal\/wp-content\/uploads\/2014\/10\/banco-150x112.jpg 150w, https:\/\/www.sudoestehoje.com.br\/novoportal\/wp-content\/uploads\/2014\/10\/banco.jpg 729w\" sizes=\"auto, (max-width: 500px) 100vw, 500px\" \/><\/a><\/p>\n<p>O grupo foi preso na fazenda do advogado, que \u00e9 acusado de envolvimento com a quadrilha, onde foram apreendidas armas, coletes antibal\u00edsticos e farta muni\u00e7\u00e3o para diversos calibres. Parte do dinheiro roubado pela quadrilha tamb\u00e9m foi recuperado pela pol\u00edcia. Segundo informa\u00e7\u00f5es, algumas armas e outra parte do dinheiro foram localizados na casa do advogado em Igua\u00ed.<\/p>\n<p><a href=\"http:\/\/www.sudoestehoje.com.br\/novoportal\/wp-content\/uploads\/2014\/10\/PRESOS-2.jpg\"><img loading=\"lazy\" decoding=\"async\" class=\"aligncenter size-medium wp-image-42808\" src=\"http:\/\/www.sudoestehoje.com.br\/novoportal\/wp-content\/uploads\/2014\/10\/PRESOS-2-500x332.jpg\" alt=\"PRESOS 2\" width=\"500\" height=\"332\" srcset=\"https:\/\/www.sudoestehoje.com.br\/novoportal\/wp-content\/uploads\/2014\/10\/PRESOS-2-500x332.jpg 500w, https:\/\/www.sudoestehoje.com.br\/novoportal\/wp-content\/uploads\/2014\/10\/PRESOS-2-700x465.jpg 700w, https:\/\/www.sudoestehoje.com.br\/novoportal\/wp-content\/uploads\/2014\/10\/PRESOS-2-150x99.jpg 150w, https:\/\/www.sudoestehoje.com.br\/novoportal\/wp-content\/uploads\/2014\/10\/PRESOS-2.jpg 960w\" sizes=\"auto, (max-width: 500px) 100vw, 500px\" \/><\/a><\/p>\n<p>A opera\u00e7\u00e3o foi comandada pelo delegado Irineu Andrade, titular de Macarani e substituto de Maiquinique, e teve a participa\u00e7\u00e3o do delegado de Igua\u00ed, Roberto Leal. Os acusados ser\u00e3o apresentados \u00e0 imprensa na manh\u00e3 desta sexta-feira (03) em Itapetinga.<\/p>\n","protected":false},"excerpt":{"rendered":"<p>Nesta quinta-feira, a Pol\u00edcia Civil prendeu oito homens acusados de estourar, durante a madrugada, os caixas eletr\u00f4nicos de uma ag\u00eancia banc\u00e1ria, na cidade de Maiquinique. Entre os presos, est\u00e1 o advogado Mateus Porto, que trabalha na prefeitura de Igua\u00ed. O grupo foi preso na fazenda do advogado, que \u00e9 acusado de envolvimento com a quadrilha, [&hellip;]<\/p>\n","protected":false},"author":2,"featured_media":0,"comment_status":"open","ping_status":"open","sticky":false,"template":"","format":"standard","meta":{"footnotes":"","_links_to":"","_links_to_target":""},"categories":[1],"tags":[],"class_list":["post-42803","post","type-post","status-publish","format-standard","hentry","category-geral"],"views":4625,"_links":{"self":[{"href":"https:\/\/www.sudoestehoje.com.br\/novoportal\/wp-json\/wp\/v2\/posts\/42803","targetHints":{"allow":["GET"]}}],"collection":[{"href":"https:\/\/www.sudoestehoje.com.br\/novoportal\/wp-json\/wp\/v2\/posts"}],"about":[{"href":"https:\/\/www.sudoestehoje.com.br\/novoportal\/wp-json\/wp\/v2\/types\/post"}],"author":[{"embeddable":true,"href":"https:\/\/www.sudoestehoje.com.br\/novoportal\/wp-json\/wp\/v2\/users\/2"}],"replies":[{"embeddable":true,"href":"https:\/\/www.sudoestehoje.com.br\/novoportal\/wp-json\/wp\/v2\/comments?post=42803"}],"version-history":[{"count":3,"href":"https:\/\/www.sudoestehoje.com.br\/novoportal\/wp-json\/wp\/v2\/posts\/42803\/revisions"}],"predecessor-version":[{"id":42809,"href":"https:\/\/www.sudoestehoje.com.br\/novoportal\/wp-json\/wp\/v2\/posts\/42803\/revisions\/42809"}],"wp:attachment":[{"href":"https:\/\/www.sudoestehoje.com.br\/novoportal\/wp-json\/wp\/v2\/media?parent=42803"}],"wp:term":[{"taxonomy":"category","embeddable":true,"href":"https:\/\/www.sudoestehoje.com.br\/novoportal\/wp-json\/wp\/v2\/categories?post=42803"},{"taxonomy":"post_tag","embeddable":true,"href":"https:\/\/www.sudoestehoje.com.br\/novoportal\/wp-json\/wp\/v2\/tags?post=42803"}],"curies":[{"name":"wp","href":"https:\/\/api.w.org\/{rel}","templated":true}]}}