
{"id":4272,"date":"2011-04-11T22:52:46","date_gmt":"2011-04-12T01:52:46","guid":{"rendered":"http:\/\/www.sudoestehoje.com.br\/novoportal\/?p=4272"},"modified":"2011-04-12T00:24:59","modified_gmt":"2011-04-12T03:24:59","slug":"itapetinga-prefeito-manda-expulsar-familias-desabrigadas-do-ginasio-de-esportes","status":"publish","type":"post","link":"https:\/\/www.sudoestehoje.com.br\/novoportal\/2011\/04\/11\/itapetinga-prefeito-manda-expulsar-familias-desabrigadas-do-ginasio-de-esportes\/","title":{"rendered":"ITAPETINGA: PREFEITO MANDA EXPULSAR FAMILIAS DESABRIGADAS QUE VIVEM NO GIN\u00c1SIO DE ESPORTES"},"content":{"rendered":"<p style=\"text-align: center;\"><img decoding=\"async\" class=\"aligncenter\" src=\"http:\/\/www.itapetinganamidia.com\/wp-content\/uploads\/Vesti\u00e1rio-do-gin\u00e1sio31.jpg\" alt=\"\" \/><\/p>\n<p style=\"text-align: center;\"><em><strong>Tr\u00eas familias de &#8216;sem teto&#8217; moram nos vesti\u00e1rios do gin\u00e1sio<\/strong><\/em><\/p>\n<p>\u00a0<\/p>\n<p>ITAPETINGA: \u201c<em>N\u00e3o tenho para onde ir com minha fam\u00edlia<\/em>\u201d. Com essa frase, Augusto Carlos Silva Rodrigues, de 35 anos, resume todo o sentimento de impot\u00eancia para o problema que vive. Ele e sua fam\u00edlia fazem parte das pessoas que est\u00e3o alojadas nos vesti\u00e1rios do Gin\u00e1sio de Esportes de Itapetinga.<\/p>\n<div>\u201c<em>Estou aqui h\u00e1 tr\u00eas anos \u00e0 espera de uma solu\u00e7\u00e3o<\/em>\u201d, revelou o pai de fam\u00edlia que trabalha como contratado do DERBA e que foi alojado no gin\u00e1sio depois que a casa onde morava no Bairro Am\u00e9rico Nogueira foi danificada com as fortes chuvas.<\/div>\n<div style=\"text-align: center;\"><img decoding=\"async\" src=\"http:\/\/www.itapetinganamidia.com\/wp-content\/uploads\/Vesti\u00e1rio-do-gin\u00e1sio43.jpg\" alt=\"\" \/><\/div>\n<div style=\"text-align: center;\"><strong><em>Familias n\u00e3o foram inclu\u00eddas no programa Minha Casa<\/em>\u00a0<\/strong><em>\u00a0<\/em><\/div>\n<div><em>\u00a0<\/em><\/div>\n<div><em>\u201cN\u00e3o tenho condi\u00e7\u00e3o de alugar uma casa para p\u00f4r as minhas tr\u00eas filhas menores de 16, 9 e 8 anos de idade. N\u00e3o fui contemplado no Projeto Minha Casa, Minha Vida. N\u00e3o sei o que fazer<\/em>\u201d, lamenta o \u201cmorador\u201d do gin\u00e1sio.<\/div>\n<div>\u00a0<\/div>\n<div>A reportagem do Itapetinga na M\u00eddia esteve no Gin\u00e1sio de Esportes e constatou que no local vivem tr\u00eas fam\u00edlias, sendo que o senhor\u00a0Jos\u00e9 Antonio Oliveira ali mora h\u00e1 mais de dez anos.<\/div>\n<div>Procurado, Paulo Ebling disse que a situa\u00e7\u00e3o dos sem teto foi logo informada ao Secretario de Esportes e Lazer, Charles Fabian,\u00a0assim que assumiu o posto de administrador do gin\u00e1sio, h\u00e1 mais ou menos dois anos.<\/div>\n<div>\u00a0<\/div>\n<div>A preocupa\u00e7\u00e3o das familia alojadas no gin\u00e1sio de esportes faz sentido, pois a Prefeitura Municipal pedir\u00e1, a partir desta segunda-feira (11), a desocupa\u00e7\u00e3o dos vesti\u00e1rios por entender que o local \u00e9 bem p\u00fablico municipal, tendo emitido uma notifica\u00e7\u00e3o extrajudicial que ser\u00e1 recebida pelos \u201cmoradores\u201d. Eles ter\u00e3o 72 horas para a desocupa\u00e7\u00e3o de forma volunt\u00e1ria e amig\u00e1vel, caso contr\u00e1rio poder\u00e3o ser acionados judicialmente.<\/div>\n<div>Ser\u00e1 este o primeiro &#8220;gol de placa&#8221; do craque Charles Fabian, desde que assumiu a secretaria de esportes de Itapetinga? Parab\u00e9ns!<\/div>\n<div>\n<div><em>Fotos e informa\u00e7\u00f5es do <strong>Itapetinga na Midia<\/strong><\/em><\/div>\n<\/div>\n<div>\u00a0<\/div>\n","protected":false},"excerpt":{"rendered":"<p>Tr\u00eas familias de &#8216;sem teto&#8217; moram nos vesti\u00e1rios do gin\u00e1sio \u00a0 ITAPETINGA: \u201cN\u00e3o tenho para onde ir com minha fam\u00edlia\u201d. Com essa frase, Augusto Carlos Silva Rodrigues, de 35 anos, resume todo o sentimento de impot\u00eancia para o problema que vive. Ele e sua fam\u00edlia fazem parte das pessoas que est\u00e3o alojadas nos vesti\u00e1rios do [&hellip;]<\/p>\n","protected":false},"author":2,"featured_media":0,"comment_status":"open","ping_status":"open","sticky":false,"template":"","format":"standard","meta":{"footnotes":"","_links_to":"","_links_to_target":""},"categories":[1],"tags":[],"class_list":["post-4272","post","type-post","status-publish","format-standard","hentry","category-geral"],"views":1328,"_links":{"self":[{"href":"https:\/\/www.sudoestehoje.com.br\/novoportal\/wp-json\/wp\/v2\/posts\/4272","targetHints":{"allow":["GET"]}}],"collection":[{"href":"https:\/\/www.sudoestehoje.com.br\/novoportal\/wp-json\/wp\/v2\/posts"}],"about":[{"href":"https:\/\/www.sudoestehoje.com.br\/novoportal\/wp-json\/wp\/v2\/types\/post"}],"author":[{"embeddable":true,"href":"https:\/\/www.sudoestehoje.com.br\/novoportal\/wp-json\/wp\/v2\/users\/2"}],"replies":[{"embeddable":true,"href":"https:\/\/www.sudoestehoje.com.br\/novoportal\/wp-json\/wp\/v2\/comments?post=4272"}],"version-history":[{"count":6,"href":"https:\/\/www.sudoestehoje.com.br\/novoportal\/wp-json\/wp\/v2\/posts\/4272\/revisions"}],"predecessor-version":[{"id":4293,"href":"https:\/\/www.sudoestehoje.com.br\/novoportal\/wp-json\/wp\/v2\/posts\/4272\/revisions\/4293"}],"wp:attachment":[{"href":"https:\/\/www.sudoestehoje.com.br\/novoportal\/wp-json\/wp\/v2\/media?parent=4272"}],"wp:term":[{"taxonomy":"category","embeddable":true,"href":"https:\/\/www.sudoestehoje.com.br\/novoportal\/wp-json\/wp\/v2\/categories?post=4272"},{"taxonomy":"post_tag","embeddable":true,"href":"https:\/\/www.sudoestehoje.com.br\/novoportal\/wp-json\/wp\/v2\/tags?post=4272"}],"curies":[{"name":"wp","href":"https:\/\/api.w.org\/{rel}","templated":true}]}}