
{"id":42712,"date":"2014-10-01T09:25:35","date_gmt":"2014-10-01T12:25:35","guid":{"rendered":"http:\/\/www.sudoestehoje.com.br\/novoportal\/?p=42712"},"modified":"2014-10-01T09:25:35","modified_gmt":"2014-10-01T12:25:35","slug":"guincha-ou-nao-guincha","status":"publish","type":"post","link":"https:\/\/www.sudoestehoje.com.br\/novoportal\/2014\/10\/01\/guincha-ou-nao-guincha\/","title":{"rendered":"GUINCHA OU N\u00c3O GUINCHA?"},"content":{"rendered":"<div id=\"attachment_42713\" style=\"width: 510px\" class=\"wp-caption aligncenter\"><a href=\"http:\/\/www.sudoestehoje.com.br\/novoportal\/wp-content\/uploads\/2014\/10\/GUINCHO-1.jpg\"><img loading=\"lazy\" decoding=\"async\" aria-describedby=\"caption-attachment-42713\" class=\"size-medium wp-image-42713\" src=\"http:\/\/www.sudoestehoje.com.br\/novoportal\/wp-content\/uploads\/2014\/10\/GUINCHO-1-500x300.jpg\" alt=\"Na mesma vaga em que um ve\u00edculo foi guinchado na segunda-feira, outros ve\u00edculos n\u00e3o foram guinchados na ter\u00e7a. Por onde andava a Comutran?\" width=\"500\" height=\"300\" srcset=\"https:\/\/www.sudoestehoje.com.br\/novoportal\/wp-content\/uploads\/2014\/10\/GUINCHO-1-500x300.jpg 500w, https:\/\/www.sudoestehoje.com.br\/novoportal\/wp-content\/uploads\/2014\/10\/GUINCHO-1-700x420.jpg 700w, https:\/\/www.sudoestehoje.com.br\/novoportal\/wp-content\/uploads\/2014\/10\/GUINCHO-1-150x90.jpg 150w, https:\/\/www.sudoestehoje.com.br\/novoportal\/wp-content\/uploads\/2014\/10\/GUINCHO-1.jpg 960w\" sizes=\"auto, (max-width: 500px) 100vw, 500px\" \/><\/a><p id=\"caption-attachment-42713\" class=\"wp-caption-text\">Na mesma vaga em que um ve\u00edculo foi guinchado na segunda-feira, outros ve\u00edculos n\u00e3o foram guinchados na ter\u00e7a. Por onde andava a Comutran?<\/p><\/div>\n<p>ITAPETINGA: Depois de guinchar um ve\u00edculo que estacionou na vaga do carro forte, em frente ao Bradesco, na manh\u00e3 da \u00faltima segunda-feira, o guincho da Comutran resolveu &#8216;descansar&#8217; no dia seguinte, permitindo que ve\u00edculos particulares voltassem ocupar a mesma vaga, de forma irregular.<\/p>\n<p><a href=\"http:\/\/www.sudoestehoje.com.br\/novoportal\/wp-content\/uploads\/2014\/10\/GUINCHO-2.jpg\"><img loading=\"lazy\" decoding=\"async\" class=\"aligncenter size-medium wp-image-42714\" src=\"http:\/\/www.sudoestehoje.com.br\/novoportal\/wp-content\/uploads\/2014\/10\/GUINCHO-2-500x300.jpg\" alt=\"GUINCHO 2\" width=\"500\" height=\"300\" srcset=\"https:\/\/www.sudoestehoje.com.br\/novoportal\/wp-content\/uploads\/2014\/10\/GUINCHO-2-500x300.jpg 500w, https:\/\/www.sudoestehoje.com.br\/novoportal\/wp-content\/uploads\/2014\/10\/GUINCHO-2-700x420.jpg 700w, https:\/\/www.sudoestehoje.com.br\/novoportal\/wp-content\/uploads\/2014\/10\/GUINCHO-2-150x90.jpg 150w, https:\/\/www.sudoestehoje.com.br\/novoportal\/wp-content\/uploads\/2014\/10\/GUINCHO-2.jpg 960w\" sizes=\"auto, (max-width: 500px) 100vw, 500px\" \/><\/a><\/p>\n<p>A vaga, que \u00e9 apertada e n\u00e3o cabe o carro forte, \u00e9 obsoleta e precisa ser desativada, assim como outras existentes no centro da cidade, reservadas \u00e0 PM e \u00e0 pr\u00f3pria Comutran, que raramente \u00e0s utilizam.<\/p>\n<div id=\"attachment_42715\" style=\"width: 510px\" class=\"wp-caption aligncenter\"><a href=\"http:\/\/www.sudoestehoje.com.br\/novoportal\/wp-content\/uploads\/2014\/10\/guincho-3.jpg\"><img loading=\"lazy\" decoding=\"async\" aria-describedby=\"caption-attachment-42715\" class=\"size-medium wp-image-42715\" src=\"http:\/\/www.sudoestehoje.com.br\/novoportal\/wp-content\/uploads\/2014\/10\/guincho-3-500x300.jpg\" alt=\"Carro foi guinchado na segunda-feira, por estacionar na vaga do carro forte, que nunca \u00e9 utilizada, por ser apertada.\" width=\"500\" height=\"300\" srcset=\"https:\/\/www.sudoestehoje.com.br\/novoportal\/wp-content\/uploads\/2014\/10\/guincho-3-500x300.jpg 500w, https:\/\/www.sudoestehoje.com.br\/novoportal\/wp-content\/uploads\/2014\/10\/guincho-3-700x420.jpg 700w, https:\/\/www.sudoestehoje.com.br\/novoportal\/wp-content\/uploads\/2014\/10\/guincho-3-150x90.jpg 150w, https:\/\/www.sudoestehoje.com.br\/novoportal\/wp-content\/uploads\/2014\/10\/guincho-3.jpg 960w\" sizes=\"auto, (max-width: 500px) 100vw, 500px\" \/><\/a><p id=\"caption-attachment-42715\" class=\"wp-caption-text\">Carro foi guinchado na segunda-feira, por estacionar na vaga reservada ao carro forte, mas que nunca \u00e9 utilizada, por ser apertada.<\/p><\/div>\n<p>Outra vaga de estacionamento reservado que jamais \u00e9 respeitada, \u00e9 que fica em frente ao Banco do Brasil, onde motoristas apressados d\u00e3o aquela paradinha b\u00e1sica, nas barbas dos guardinhas da Comutran, para utilizar os caixas eletr\u00f4nicos do banco. L\u00e1, \u00e9 poss\u00edvel ver carros particulares de &#8216;arturidades&#8217; e at\u00e9 oficiais, atravessados no meio do espa\u00e7o reservado ao banco.<\/p>\n<p>Se \u00e9 para punir infratores, que se fa\u00e7a ininterruptamente, e n\u00e3o de forma espor\u00e1dica, como vem acontecendo.<\/p>\n<p><strong><em>Por Davi Ferraz\u00a0<\/em><\/strong><\/p>\n","protected":false},"excerpt":{"rendered":"<p>ITAPETINGA: Depois de guinchar um ve\u00edculo que estacionou na vaga do carro forte, em frente ao Bradesco, na manh\u00e3 da \u00faltima segunda-feira, o guincho da Comutran resolveu &#8216;descansar&#8217; no dia seguinte, permitindo que ve\u00edculos particulares voltassem ocupar a mesma vaga, de forma irregular. A vaga, que \u00e9 apertada e n\u00e3o cabe o carro forte, \u00e9 [&hellip;]<\/p>\n","protected":false},"author":2,"featured_media":0,"comment_status":"open","ping_status":"open","sticky":false,"template":"","format":"standard","meta":{"footnotes":"","_links_to":"","_links_to_target":""},"categories":[1],"tags":[],"class_list":["post-42712","post","type-post","status-publish","format-standard","hentry","category-geral"],"views":1715,"_links":{"self":[{"href":"https:\/\/www.sudoestehoje.com.br\/novoportal\/wp-json\/wp\/v2\/posts\/42712","targetHints":{"allow":["GET"]}}],"collection":[{"href":"https:\/\/www.sudoestehoje.com.br\/novoportal\/wp-json\/wp\/v2\/posts"}],"about":[{"href":"https:\/\/www.sudoestehoje.com.br\/novoportal\/wp-json\/wp\/v2\/types\/post"}],"author":[{"embeddable":true,"href":"https:\/\/www.sudoestehoje.com.br\/novoportal\/wp-json\/wp\/v2\/users\/2"}],"replies":[{"embeddable":true,"href":"https:\/\/www.sudoestehoje.com.br\/novoportal\/wp-json\/wp\/v2\/comments?post=42712"}],"version-history":[{"count":1,"href":"https:\/\/www.sudoestehoje.com.br\/novoportal\/wp-json\/wp\/v2\/posts\/42712\/revisions"}],"predecessor-version":[{"id":42716,"href":"https:\/\/www.sudoestehoje.com.br\/novoportal\/wp-json\/wp\/v2\/posts\/42712\/revisions\/42716"}],"wp:attachment":[{"href":"https:\/\/www.sudoestehoje.com.br\/novoportal\/wp-json\/wp\/v2\/media?parent=42712"}],"wp:term":[{"taxonomy":"category","embeddable":true,"href":"https:\/\/www.sudoestehoje.com.br\/novoportal\/wp-json\/wp\/v2\/categories?post=42712"},{"taxonomy":"post_tag","embeddable":true,"href":"https:\/\/www.sudoestehoje.com.br\/novoportal\/wp-json\/wp\/v2\/tags?post=42712"}],"curies":[{"name":"wp","href":"https:\/\/api.w.org\/{rel}","templated":true}]}}