
{"id":42704,"date":"2014-10-01T11:58:35","date_gmt":"2014-10-01T14:58:35","guid":{"rendered":"http:\/\/www.sudoestehoje.com.br\/novoportal\/?p=42704"},"modified":"2014-10-01T11:58:35","modified_gmt":"2014-10-01T14:58:35","slug":"fjs-campanha-outubro-rosa-amplia-foco-do-cancer-de-mama","status":"publish","type":"post","link":"https:\/\/www.sudoestehoje.com.br\/novoportal\/2014\/10\/01\/fjs-campanha-outubro-rosa-amplia-foco-do-cancer-de-mama\/","title":{"rendered":"FJS: CAMPANHA &#8220;OUTUBRO ROSA&#8221; AMPLIA FOCO DO C\u00c2NCER DE MAMA"},"content":{"rendered":"<p><a href=\"http:\/\/www.sudoestehoje.com.br\/novoportal\/wp-content\/uploads\/2014\/09\/outubro-rosa3.jpg\"><img loading=\"lazy\" decoding=\"async\" class=\"wp-image-42717 alignleft\" src=\"http:\/\/www.sudoestehoje.com.br\/novoportal\/wp-content\/uploads\/2014\/09\/outubro-rosa3.jpg\" alt=\"outubro-rosa3\" width=\"247\" height=\"282\" srcset=\"https:\/\/www.sudoestehoje.com.br\/novoportal\/wp-content\/uploads\/2014\/09\/outubro-rosa3.jpg 450w, https:\/\/www.sudoestehoje.com.br\/novoportal\/wp-content\/uploads\/2014\/09\/outubro-rosa3-131x150.jpg 131w\" sizes=\"auto, (max-width: 247px) 100vw, 247px\" \/><\/a><\/p>\n<p>Pelo quinto ano consecutivo, a Funda\u00e7\u00e3o Jos\u00e9 Silveira (FJS), o Instituto EcoD e o Movimento Pense Rosa v\u00e3o realizar o Outubro Rosa na Bahia. A campanha deste ano, denominada Pense Rosa + Pense Azul, tem uma proposta mais ampla, de sa\u00fade integral das pessoas, especialmente a sa\u00fade da mama e da pr\u00f3stata.<\/p>\n<p>A mobiliza\u00e7\u00e3o na Bahia inicia com a inaugura\u00e7\u00e3o do Espa\u00e7o Rosa, no 3\u00b0 Piso do Shopping Barra, em Salvador, na pr\u00f3xima quinta-feira (02), \u00e0s 9h. A loja funcionar\u00e1 at\u00e9 o dia 11 de outubro, com a comercializa\u00e7\u00e3o de pe\u00e7as produzidas por mulheres atendidas nos projetos sociais da <strong><em>Funda\u00e7\u00e3o Jos\u00e9 Silveira<\/em><\/strong>, pacientes e m\u00e3es de pacientes do Instituto Bahiano de Reabilita\u00e7\u00e3o (IBR), durante a Oficina Rosa da FJS. As pe\u00e7as produzidas em 2014 s\u00e3o assinadas pelo artista pl\u00e1stico Bel Borba. A arrecada\u00e7\u00e3o com as vendas ser\u00e1 revertida para a causa.<!--more--><\/p>\n<p>Nesta quinta-feira, o ponto alto do evento ser\u00e1 \u00e0s 10h, com um Talk Show para a imprensa, convidados e formadores de opini\u00e3o, na \u00e1rea de conveni\u00eancia dos cinemas do Shopping Barra. Os m\u00e9dicos Luciana Landeiro e Marcelo Brand\u00e3o v\u00e3o falar sobre os cuidados com a mama e a pr\u00f3stata e tratar de quest\u00f5es como preconceito e quebra de tabu. J\u00e1 a m\u00e9dica Carla Ferner vai abordar o assunto qualidade de vida na preven\u00e7\u00e3o de doen\u00e7as.<\/p>\n<p>Neste mesmo dia, em apoio ao movimento mundial Outubro Rosa, a Funda\u00e7\u00e3o Jos\u00e9 Silveira vai iluminar na cor rosa o Hospital Santo Amaro, a Santa Casa Hospital S\u00e3o Judas Tadeu (em Jequi\u00e9) e o Hospital Cristo Redentor (em Itapetinga). O Pense Rosa + Pense Azul tem o apoio do Shopping Barra, NOB, BarberBeauty, TV Aratu, Arena Fonte Nova e Vale. \u201cA campanha visa conscientizar a popula\u00e7\u00e3o sobre a import\u00e2ncia do diagn\u00f3stico precoce e atuar na preven\u00e7\u00e3o do c\u00e2ncer\u201d, afirma a superintendente da Funda\u00e7\u00e3o Jos\u00e9 Silveira, Leila Brito.<\/p>\n","protected":false},"excerpt":{"rendered":"<p>Pelo quinto ano consecutivo, a Funda\u00e7\u00e3o Jos\u00e9 Silveira (FJS), o Instituto EcoD e o Movimento Pense Rosa v\u00e3o realizar o Outubro Rosa na Bahia. A campanha deste ano, denominada Pense Rosa + Pense Azul, tem uma proposta mais ampla, de sa\u00fade integral das pessoas, especialmente a sa\u00fade da mama e da pr\u00f3stata. A mobiliza\u00e7\u00e3o na [&hellip;]<\/p>\n","protected":false},"author":2,"featured_media":0,"comment_status":"open","ping_status":"open","sticky":false,"template":"","format":"standard","meta":{"footnotes":"","_links_to":"","_links_to_target":""},"categories":[1],"tags":[],"class_list":["post-42704","post","type-post","status-publish","format-standard","hentry","category-geral"],"views":4946,"_links":{"self":[{"href":"https:\/\/www.sudoestehoje.com.br\/novoportal\/wp-json\/wp\/v2\/posts\/42704","targetHints":{"allow":["GET"]}}],"collection":[{"href":"https:\/\/www.sudoestehoje.com.br\/novoportal\/wp-json\/wp\/v2\/posts"}],"about":[{"href":"https:\/\/www.sudoestehoje.com.br\/novoportal\/wp-json\/wp\/v2\/types\/post"}],"author":[{"embeddable":true,"href":"https:\/\/www.sudoestehoje.com.br\/novoportal\/wp-json\/wp\/v2\/users\/2"}],"replies":[{"embeddable":true,"href":"https:\/\/www.sudoestehoje.com.br\/novoportal\/wp-json\/wp\/v2\/comments?post=42704"}],"version-history":[{"count":3,"href":"https:\/\/www.sudoestehoje.com.br\/novoportal\/wp-json\/wp\/v2\/posts\/42704\/revisions"}],"predecessor-version":[{"id":42719,"href":"https:\/\/www.sudoestehoje.com.br\/novoportal\/wp-json\/wp\/v2\/posts\/42704\/revisions\/42719"}],"wp:attachment":[{"href":"https:\/\/www.sudoestehoje.com.br\/novoportal\/wp-json\/wp\/v2\/media?parent=42704"}],"wp:term":[{"taxonomy":"category","embeddable":true,"href":"https:\/\/www.sudoestehoje.com.br\/novoportal\/wp-json\/wp\/v2\/categories?post=42704"},{"taxonomy":"post_tag","embeddable":true,"href":"https:\/\/www.sudoestehoje.com.br\/novoportal\/wp-json\/wp\/v2\/tags?post=42704"}],"curies":[{"name":"wp","href":"https:\/\/api.w.org\/{rel}","templated":true}]}}