
{"id":4266,"date":"2011-04-11T12:30:14","date_gmt":"2011-04-11T15:30:14","guid":{"rendered":"http:\/\/www.sudoestehoje.com.br\/novoportal\/?p=4266"},"modified":"2011-04-11T12:30:14","modified_gmt":"2011-04-11T15:30:14","slug":"passa-o-rodo-ze-carlos","status":"publish","type":"post","link":"https:\/\/www.sudoestehoje.com.br\/novoportal\/2011\/04\/11\/passa-o-rodo-ze-carlos\/","title":{"rendered":"PASSA O R\u00d4DO, Z\u00c9 CARLOS"},"content":{"rendered":"<p style=\"text-align: center;\"><a href=\"http:\/\/www.google.com.br\/imgres?imgurl=http:\/\/3.bp.blogspot.com\/_1_fqfCVID74\/SkQ5zzJ5E-I\/AAAAAAAABaw\/6M8Le7qeEF0\/s400\/rodo_duplo.jpeg&amp;imgrefurl=http:\/\/blogremio.blogspot.com\/2009_06_01_archive.html&amp;usg=__9-fO-AF_MYxZSpdIV14TVJvzBBE=&amp;h=276&amp;w=354&amp;sz=15&amp;hl=pt-br&amp;start=14&amp;zoom=1&amp;um=1&amp;itbs=1&amp;tbnid=ETqpEYwOj9u6_M:&amp;tbnh=94&amp;tbnw=121&amp;prev=\/images%3Fq%3DPASSANDO%2BO%2BRODO%26um%3D1%26hl%3Dpt-br%26sa%3DN%26rlz%3D1R2ADBS_pt-BRBR354%26tbm%3Disch&amp;ei=Dh6jTfXuN-Xu0gGK24n-BA\"><img loading=\"lazy\" decoding=\"async\" id=\"ETqpEYwOj9u6_M:\" class=\"aligncenter\" src=\"http:\/\/t1.gstatic.com\/images?q=tbn:ANd9GcQbAjNAkN6iqZvzRZHSV6IEaqLkeMFY-zY_JCnsyX-dtaNqWoL8eqPj7w\" alt=\"\" width=\"121\" height=\"94\" \/><\/a><\/p>\n<p>Depois do fiasco da secret\u00e1ria de sa\u00fade\u00a0na C\u00e2mara de Vereadores, onde tratou mal a todos os vereadores, inclusive os da bancada do prefeito, Z\u00e9 Carlos tem agora a &#8216;faca e o queijo&#8217; nas m\u00e3os para\u00a0devolver\u00a0de vez este\u00a0<em>&#8216;presente de grego&#8217;<\/em> que recebeu de Solla. O protesto dos agentes de sa\u00fade, que paralizaram sua atividades nesta segunda, tamb\u00e9m \u00e9 pode ser um excelente pretexto para o prefeito &#8216;passar o r\u00f4do&#8217; e dar uma limpeza na secretaria de sa\u00fade, maior respons\u00e1vel\u00a0pelo desgaste pol\u00edtico que vem sofrendo. Isto \u00e9 o que se espera de um prefeito de coragem e determina\u00e7\u00e3o, que chama para si a responsabilidade e decide. Bem, este\u00a0n\u00e3o \u00e9 o caso do nosso descansado alcaide. Que pena&#8230;<\/p>\n","protected":false},"excerpt":{"rendered":"<p>Depois do fiasco da secret\u00e1ria de sa\u00fade\u00a0na C\u00e2mara de Vereadores, onde tratou mal a todos os vereadores, inclusive os da bancada do prefeito, Z\u00e9 Carlos tem agora a &#8216;faca e o queijo&#8217; nas m\u00e3os para\u00a0devolver\u00a0de vez este\u00a0&#8216;presente de grego&#8217; que recebeu de Solla. O protesto dos agentes de sa\u00fade, que paralizaram sua atividades nesta segunda, [&hellip;]<\/p>\n","protected":false},"author":2,"featured_media":0,"comment_status":"open","ping_status":"open","sticky":false,"template":"","format":"standard","meta":{"footnotes":"","_links_to":"","_links_to_target":""},"categories":[11],"tags":[],"class_list":["post-4266","post","type-post","status-publish","format-standard","hentry","category-quentinhas"],"views":1163,"_links":{"self":[{"href":"https:\/\/www.sudoestehoje.com.br\/novoportal\/wp-json\/wp\/v2\/posts\/4266","targetHints":{"allow":["GET"]}}],"collection":[{"href":"https:\/\/www.sudoestehoje.com.br\/novoportal\/wp-json\/wp\/v2\/posts"}],"about":[{"href":"https:\/\/www.sudoestehoje.com.br\/novoportal\/wp-json\/wp\/v2\/types\/post"}],"author":[{"embeddable":true,"href":"https:\/\/www.sudoestehoje.com.br\/novoportal\/wp-json\/wp\/v2\/users\/2"}],"replies":[{"embeddable":true,"href":"https:\/\/www.sudoestehoje.com.br\/novoportal\/wp-json\/wp\/v2\/comments?post=4266"}],"version-history":[{"count":2,"href":"https:\/\/www.sudoestehoje.com.br\/novoportal\/wp-json\/wp\/v2\/posts\/4266\/revisions"}],"predecessor-version":[{"id":4268,"href":"https:\/\/www.sudoestehoje.com.br\/novoportal\/wp-json\/wp\/v2\/posts\/4266\/revisions\/4268"}],"wp:attachment":[{"href":"https:\/\/www.sudoestehoje.com.br\/novoportal\/wp-json\/wp\/v2\/media?parent=4266"}],"wp:term":[{"taxonomy":"category","embeddable":true,"href":"https:\/\/www.sudoestehoje.com.br\/novoportal\/wp-json\/wp\/v2\/categories?post=4266"},{"taxonomy":"post_tag","embeddable":true,"href":"https:\/\/www.sudoestehoje.com.br\/novoportal\/wp-json\/wp\/v2\/tags?post=4266"}],"curies":[{"name":"wp","href":"https:\/\/api.w.org\/{rel}","templated":true}]}}