
{"id":42659,"date":"2014-09-30T17:11:47","date_gmt":"2014-09-30T20:11:47","guid":{"rendered":"http:\/\/www.sudoestehoje.com.br\/novoportal\/?p=42659"},"modified":"2014-09-30T17:11:47","modified_gmt":"2014-09-30T20:11:47","slug":"pro-cidadania-embala-campanha-de-imbassahy-em-itapetinga","status":"publish","type":"post","link":"https:\/\/www.sudoestehoje.com.br\/novoportal\/2014\/09\/30\/pro-cidadania-embala-campanha-de-imbassahy-em-itapetinga\/","title":{"rendered":"PRO-CIDADANIA EMBALA CAMPANHA DE IMBASSAHY EM ITAPETINGA"},"content":{"rendered":"<p><a href=\"http:\/\/www.sudoestehoje.com.br\/novoportal\/wp-content\/uploads\/2014\/09\/IMBA.jpg\"><img loading=\"lazy\" decoding=\"async\" class=\"aligncenter size-full wp-image-42661\" src=\"http:\/\/www.sudoestehoje.com.br\/novoportal\/wp-content\/uploads\/2014\/09\/IMBA.jpg\" alt=\"IMBA\" width=\"500\" height=\"375\" srcset=\"https:\/\/www.sudoestehoje.com.br\/novoportal\/wp-content\/uploads\/2014\/09\/IMBA.jpg 500w, https:\/\/www.sudoestehoje.com.br\/novoportal\/wp-content\/uploads\/2014\/09\/IMBA-150x112.jpg 150w\" sizes=\"auto, (max-width: 500px) 100vw, 500px\" \/><\/a><\/p>\n<p>O Movimento Pr\u00f3-Cidadania segue embalado nessa reta final de campanha, com v\u00e1rias visita\u00e7\u00f5es e contatos pessoais. Apresentando-se como uma nova for\u00e7a em Itapetinga, o grupo levanta a bandeira da \u00e9tica e da transpar\u00eancia na pol\u00edtica, e tem buscado votos para o Deputado Federal Antonio Imbassahy atrav\u00e9s do trabalho de conscientiza\u00e7\u00e3o individual, no corpo a corpo.<\/p>\n<p><em>\u201cImbassahy representa exatamente aquilo que o Movimento Pr\u00f3-cidadania est\u00e1 buscando: Um pol\u00edtico s\u00e9rio, capacitado, com posi\u00e7\u00f5es firmes e coerentes, e acima de tudo \u00edntegro, com m\u00e3os limpas\u201d<\/em> \u2013 \u00e9 o que garantem os dirigentes do Movimento.<\/p>\n<p>Segundo os analistas pol\u00edticos, Imbassahy \u00e9 tido como um dos deputados federais que estar\u00e1 entre os mais bem votados no estado. A expectativa \u00e9 de elei\u00e7\u00e3o certa. E, com isso, o Movimento Pr\u00f3-Cidadania abre espa\u00e7o para que Itapetinga possa ter uma representa\u00e7\u00e3o pol\u00edtica forte e consistente na C\u00e2mara Federal.<\/p>\n<p>Uma coisa \u00e9 certa, o Pr\u00f3-Cidadania veio para ficar, afirmam seus integrantes. Ascom<\/p>\n","protected":false},"excerpt":{"rendered":"<p>O Movimento Pr\u00f3-Cidadania segue embalado nessa reta final de campanha, com v\u00e1rias visita\u00e7\u00f5es e contatos pessoais. Apresentando-se como uma nova for\u00e7a em Itapetinga, o grupo levanta a bandeira da \u00e9tica e da transpar\u00eancia na pol\u00edtica, e tem buscado votos para o Deputado Federal Antonio Imbassahy atrav\u00e9s do trabalho de conscientiza\u00e7\u00e3o individual, no corpo a corpo. [&hellip;]<\/p>\n","protected":false},"author":2,"featured_media":0,"comment_status":"open","ping_status":"open","sticky":false,"template":"","format":"standard","meta":{"footnotes":"","_links_to":"","_links_to_target":""},"categories":[1],"tags":[],"class_list":["post-42659","post","type-post","status-publish","format-standard","hentry","category-geral"],"views":1350,"_links":{"self":[{"href":"https:\/\/www.sudoestehoje.com.br\/novoportal\/wp-json\/wp\/v2\/posts\/42659","targetHints":{"allow":["GET"]}}],"collection":[{"href":"https:\/\/www.sudoestehoje.com.br\/novoportal\/wp-json\/wp\/v2\/posts"}],"about":[{"href":"https:\/\/www.sudoestehoje.com.br\/novoportal\/wp-json\/wp\/v2\/types\/post"}],"author":[{"embeddable":true,"href":"https:\/\/www.sudoestehoje.com.br\/novoportal\/wp-json\/wp\/v2\/users\/2"}],"replies":[{"embeddable":true,"href":"https:\/\/www.sudoestehoje.com.br\/novoportal\/wp-json\/wp\/v2\/comments?post=42659"}],"version-history":[{"count":2,"href":"https:\/\/www.sudoestehoje.com.br\/novoportal\/wp-json\/wp\/v2\/posts\/42659\/revisions"}],"predecessor-version":[{"id":42662,"href":"https:\/\/www.sudoestehoje.com.br\/novoportal\/wp-json\/wp\/v2\/posts\/42659\/revisions\/42662"}],"wp:attachment":[{"href":"https:\/\/www.sudoestehoje.com.br\/novoportal\/wp-json\/wp\/v2\/media?parent=42659"}],"wp:term":[{"taxonomy":"category","embeddable":true,"href":"https:\/\/www.sudoestehoje.com.br\/novoportal\/wp-json\/wp\/v2\/categories?post=42659"},{"taxonomy":"post_tag","embeddable":true,"href":"https:\/\/www.sudoestehoje.com.br\/novoportal\/wp-json\/wp\/v2\/tags?post=42659"}],"curies":[{"name":"wp","href":"https:\/\/api.w.org\/{rel}","templated":true}]}}