
{"id":42656,"date":"2014-09-30T08:25:02","date_gmt":"2014-09-30T11:25:02","guid":{"rendered":"http:\/\/www.sudoestehoje.com.br\/novoportal\/?p=42656"},"modified":"2014-09-30T08:25:02","modified_gmt":"2014-09-30T11:25:02","slug":"ninguem-leva-a-serio-diz-paulo-souto-sobre-pesquisa-babesp","status":"publish","type":"post","link":"https:\/\/www.sudoestehoje.com.br\/novoportal\/2014\/09\/30\/ninguem-leva-a-serio-diz-paulo-souto-sobre-pesquisa-babesp\/","title":{"rendered":"&#8220;NINGU\u00c9M LEVA A S\u00c9RIO&#8221;, DIZ PAULO SOUTO SOBRE PESQUISA BABESP"},"content":{"rendered":"<p><a href=\"http:\/\/www.sudoestehoje.com.br\/novoportal\/wp-content\/uploads\/2014\/09\/Paulo-Souto.jpg\"><img loading=\"lazy\" decoding=\"async\" class=\"aligncenter  wp-image-42657\" src=\"http:\/\/www.sudoestehoje.com.br\/novoportal\/wp-content\/uploads\/2014\/09\/Paulo-Souto.jpg\" alt=\"Paulo-Souto\" width=\"512\" height=\"341\" srcset=\"https:\/\/www.sudoestehoje.com.br\/novoportal\/wp-content\/uploads\/2014\/09\/Paulo-Souto.jpg 450w, https:\/\/www.sudoestehoje.com.br\/novoportal\/wp-content\/uploads\/2014\/09\/Paulo-Souto-150x100.jpg 150w\" sizes=\"auto, (max-width: 512px) 100vw, 512px\" \/><\/a><\/p>\n<p>O candidato do DEM, Paulo Souto, preferiu n\u00e3o comentar os n\u00fameros da pesquisa Babesp, divulgados na madrugada desta ter\u00e7a-feira (30). Babesp, definitivamente, \u00e9 uma coisa que ningu\u00e9m leva a s\u00e9rio\u201d, afirmou o postulante ao governo do estado das oposi\u00e7\u00f5es.<\/p>\n<p>Segundo ele, as refer\u00eancias dos \u00faltimos levantamentos, que trazem a ascens\u00e3o do advers\u00e1rio Rui Costa (PT) e ligeiras quedas das pr\u00f3prias inten\u00e7\u00f5es de voto, n\u00e3o mudam a estrat\u00e9gia adotada pelo grupo oposicionista ao governo de Jaques Wagner. \u201cN\u00f3s estamos mantendo uma posi\u00e7\u00e3o, que \u00e9 consolidada, desde a pr\u00e9-campanha at\u00e9 agora. N\u00e3o conhe\u00e7o outra pesquisa s\u00e9ria que apresente algo diferente\u201d, apontou Souto.<\/p>\n<p>Sobre a participa\u00e7\u00e3o dele no debate do projeto Vota Bahia, na TV Aratu, o ex-governador reclamou de ataques direcionados a ele durante o pen\u00faltimo encontro entre os candidatos. \u201cFoi n\u00edtida a combina\u00e7\u00e3o dos demais candidatos em rela\u00e7\u00e3o aos ataques a minha pessoa. Ou seja, foi um debate de um contra quatro, mas, enfim, \u00e9 a regra do jogo\u201d, sugeriu.<\/p>\n","protected":false},"excerpt":{"rendered":"<p>O candidato do DEM, Paulo Souto, preferiu n\u00e3o comentar os n\u00fameros da pesquisa Babesp, divulgados na madrugada desta ter\u00e7a-feira (30). Babesp, definitivamente, \u00e9 uma coisa que ningu\u00e9m leva a s\u00e9rio\u201d, afirmou o postulante ao governo do estado das oposi\u00e7\u00f5es. Segundo ele, as refer\u00eancias dos \u00faltimos levantamentos, que trazem a ascens\u00e3o do advers\u00e1rio Rui Costa (PT) [&hellip;]<\/p>\n","protected":false},"author":2,"featured_media":0,"comment_status":"open","ping_status":"open","sticky":false,"template":"","format":"standard","meta":{"footnotes":"","_links_to":"","_links_to_target":""},"categories":[1],"tags":[],"class_list":["post-42656","post","type-post","status-publish","format-standard","hentry","category-geral"],"views":1449,"_links":{"self":[{"href":"https:\/\/www.sudoestehoje.com.br\/novoportal\/wp-json\/wp\/v2\/posts\/42656","targetHints":{"allow":["GET"]}}],"collection":[{"href":"https:\/\/www.sudoestehoje.com.br\/novoportal\/wp-json\/wp\/v2\/posts"}],"about":[{"href":"https:\/\/www.sudoestehoje.com.br\/novoportal\/wp-json\/wp\/v2\/types\/post"}],"author":[{"embeddable":true,"href":"https:\/\/www.sudoestehoje.com.br\/novoportal\/wp-json\/wp\/v2\/users\/2"}],"replies":[{"embeddable":true,"href":"https:\/\/www.sudoestehoje.com.br\/novoportal\/wp-json\/wp\/v2\/comments?post=42656"}],"version-history":[{"count":1,"href":"https:\/\/www.sudoestehoje.com.br\/novoportal\/wp-json\/wp\/v2\/posts\/42656\/revisions"}],"predecessor-version":[{"id":42658,"href":"https:\/\/www.sudoestehoje.com.br\/novoportal\/wp-json\/wp\/v2\/posts\/42656\/revisions\/42658"}],"wp:attachment":[{"href":"https:\/\/www.sudoestehoje.com.br\/novoportal\/wp-json\/wp\/v2\/media?parent=42656"}],"wp:term":[{"taxonomy":"category","embeddable":true,"href":"https:\/\/www.sudoestehoje.com.br\/novoportal\/wp-json\/wp\/v2\/categories?post=42656"},{"taxonomy":"post_tag","embeddable":true,"href":"https:\/\/www.sudoestehoje.com.br\/novoportal\/wp-json\/wp\/v2\/tags?post=42656"}],"curies":[{"name":"wp","href":"https:\/\/api.w.org\/{rel}","templated":true}]}}