
{"id":42653,"date":"2014-09-30T00:48:11","date_gmt":"2014-09-30T03:48:11","guid":{"rendered":"http:\/\/www.sudoestehoje.com.br\/novoportal\/?p=42653"},"modified":"2014-09-30T00:48:11","modified_gmt":"2014-09-30T03:48:11","slug":"ibope-divulga-nova-pesquisa-para-governador-e-senador-neste-sabado","status":"publish","type":"post","link":"https:\/\/www.sudoestehoje.com.br\/novoportal\/2014\/09\/30\/ibope-divulga-nova-pesquisa-para-governador-e-senador-neste-sabado\/","title":{"rendered":"IBOPE DIVULGA NOVA PESQUISA PARA GOVERNADOR E SENADOR NESTE S\u00c1BADO"},"content":{"rendered":"<p><a href=\"http:\/\/www.sudoestehoje.com.br\/novoportal\/wp-content\/uploads\/2014\/09\/IBOPE1.jpg\"><img loading=\"lazy\" decoding=\"async\" class=\"aligncenter size-medium wp-image-42654\" src=\"http:\/\/www.sudoestehoje.com.br\/novoportal\/wp-content\/uploads\/2014\/09\/IBOPE1-500x307.jpg\" alt=\"IBOPE\" width=\"500\" height=\"307\" srcset=\"https:\/\/www.sudoestehoje.com.br\/novoportal\/wp-content\/uploads\/2014\/09\/IBOPE1-500x307.jpg 500w, https:\/\/www.sudoestehoje.com.br\/novoportal\/wp-content\/uploads\/2014\/09\/IBOPE1-150x92.jpg 150w, https:\/\/www.sudoestehoje.com.br\/novoportal\/wp-content\/uploads\/2014\/09\/IBOPE1.jpg 650w\" sizes=\"auto, (max-width: 500px) 100vw, 500px\" \/><\/a><\/p>\n<p>O Ibope deve divulgar esta semana pesquisa de inten\u00e7\u00e3o de voto contratada pela TV Bahia. O levantamento, que foi registrada nesta segunda-feira (29) sob o n\u00famero BA-00031\/2014, vai apurar a prefer\u00eancia dos eleitores para os cargos de governador e senador e seu resultado ser\u00e1 publicado no s\u00e1bado (4), na v\u00e9spera do dia da vota\u00e7\u00e3o. Por enquanto, essa \u00e9 a \u00fanica pesquisa prevista para a \u00faltima semana do pleito. Est\u00e1 prevista a consulta a 2.002 pessoas. A pesquisa foi contratada pelo valor de R$ 132.812,98.<\/p>\n","protected":false},"excerpt":{"rendered":"<p>O Ibope deve divulgar esta semana pesquisa de inten\u00e7\u00e3o de voto contratada pela TV Bahia. O levantamento, que foi registrada nesta segunda-feira (29) sob o n\u00famero BA-00031\/2014, vai apurar a prefer\u00eancia dos eleitores para os cargos de governador e senador e seu resultado ser\u00e1 publicado no s\u00e1bado (4), na v\u00e9spera do dia da vota\u00e7\u00e3o. Por [&hellip;]<\/p>\n","protected":false},"author":2,"featured_media":0,"comment_status":"open","ping_status":"open","sticky":false,"template":"","format":"standard","meta":{"footnotes":"","_links_to":"","_links_to_target":""},"categories":[1],"tags":[],"class_list":["post-42653","post","type-post","status-publish","format-standard","hentry","category-geral"],"views":1463,"_links":{"self":[{"href":"https:\/\/www.sudoestehoje.com.br\/novoportal\/wp-json\/wp\/v2\/posts\/42653","targetHints":{"allow":["GET"]}}],"collection":[{"href":"https:\/\/www.sudoestehoje.com.br\/novoportal\/wp-json\/wp\/v2\/posts"}],"about":[{"href":"https:\/\/www.sudoestehoje.com.br\/novoportal\/wp-json\/wp\/v2\/types\/post"}],"author":[{"embeddable":true,"href":"https:\/\/www.sudoestehoje.com.br\/novoportal\/wp-json\/wp\/v2\/users\/2"}],"replies":[{"embeddable":true,"href":"https:\/\/www.sudoestehoje.com.br\/novoportal\/wp-json\/wp\/v2\/comments?post=42653"}],"version-history":[{"count":1,"href":"https:\/\/www.sudoestehoje.com.br\/novoportal\/wp-json\/wp\/v2\/posts\/42653\/revisions"}],"predecessor-version":[{"id":42655,"href":"https:\/\/www.sudoestehoje.com.br\/novoportal\/wp-json\/wp\/v2\/posts\/42653\/revisions\/42655"}],"wp:attachment":[{"href":"https:\/\/www.sudoestehoje.com.br\/novoportal\/wp-json\/wp\/v2\/media?parent=42653"}],"wp:term":[{"taxonomy":"category","embeddable":true,"href":"https:\/\/www.sudoestehoje.com.br\/novoportal\/wp-json\/wp\/v2\/categories?post=42653"},{"taxonomy":"post_tag","embeddable":true,"href":"https:\/\/www.sudoestehoje.com.br\/novoportal\/wp-json\/wp\/v2\/tags?post=42653"}],"curies":[{"name":"wp","href":"https:\/\/api.w.org\/{rel}","templated":true}]}}