
{"id":42647,"date":"2014-09-29T22:39:45","date_gmt":"2014-09-30T01:39:45","guid":{"rendered":"http:\/\/www.sudoestehoje.com.br\/novoportal\/?p=42647"},"modified":"2014-09-29T22:39:45","modified_gmt":"2014-09-30T01:39:45","slug":"dem-consegue-liminar-que-autoriza-abordar-denuncias-contra-rui","status":"publish","type":"post","link":"https:\/\/www.sudoestehoje.com.br\/novoportal\/2014\/09\/29\/dem-consegue-liminar-que-autoriza-abordar-denuncias-contra-rui\/","title":{"rendered":"DEM CONSEGUE LIMINAR QUE AUTORIZA ABORDAR DEN\u00daNCIAS CONTRA RUI"},"content":{"rendered":"<div id=\"attachment_42651\" style=\"width: 510px\" class=\"wp-caption aligncenter\"><a href=\"http:\/\/www.sudoestehoje.com.br\/novoportal\/wp-content\/uploads\/2014\/09\/RUI-E-DALVA.jpg\"><img loading=\"lazy\" decoding=\"async\" aria-describedby=\"caption-attachment-42651\" class=\"size-medium wp-image-42651\" src=\"http:\/\/www.sudoestehoje.com.br\/novoportal\/wp-content\/uploads\/2014\/09\/RUI-E-DALVA-500x288.jpg\" alt=\"Den\u00fancias de Dalva Selle publicadas na Veja poder\u00e3o ser abordadas nos programas eleitorais da oposi\u00e7\u00e3o.\" width=\"500\" height=\"288\" srcset=\"https:\/\/www.sudoestehoje.com.br\/novoportal\/wp-content\/uploads\/2014\/09\/RUI-E-DALVA-500x288.jpg 500w, https:\/\/www.sudoestehoje.com.br\/novoportal\/wp-content\/uploads\/2014\/09\/RUI-E-DALVA-150x86.jpg 150w, https:\/\/www.sudoestehoje.com.br\/novoportal\/wp-content\/uploads\/2014\/09\/RUI-E-DALVA.jpg 650w\" sizes=\"auto, (max-width: 500px) 100vw, 500px\" \/><\/a><p id=\"caption-attachment-42651\" class=\"wp-caption-text\">Den\u00fancias de Dalva Sele publicadas na Veja poder\u00e3o ser abordadas nos programas eleitorais da oposi\u00e7\u00e3o.<\/p><\/div>\n<p>Depois de reclamar na manh\u00e3 desta segunda-feira, 29, de que a Justi\u00e7a Eleitoral estaria promovendo \u201ccensura pr\u00e9via\u201d, ao proibir a veicula\u00e7\u00e3o do esc\u00e2ndalo do Instituto Brasil\u00a0no hor\u00e1rio eleitoral, o DEM comemorou agora \u00e0 tarde decis\u00e3o que revoga, em car\u00e1ter liminar, a senten\u00e7a anterior do juiz Cl\u00e1udio C\u00e9sare.<\/p>\n<p>O juiz eleitoral Wanderley Gomes entendeu que o colega C\u00e9sare teria extrapolado o pedido feito pelo PT, para vetar uma pe\u00e7a publicit\u00e1ria\u00a0exibida nos programas\u00a0da chapa da oposi\u00e7\u00e3o que trata da entrevista de Dalva Sele Paiva, presidente do Instituto Brasil na Revista Veja.<\/p>\n<p><span id=\"more-71967\"><\/span>Gomes interpretou que proibir \u201ctodas as propagandas\u201d que associem o nome do candidato do PT Rui Costa \u00e0s den\u00fancias de Dalva Sele \u201csugere, a princ\u00edpio, que tenham sido ultrapassados os limites do pedido formulado do Mandado de Seguran\u00e7a\u201d feito pelo PT.<\/p>\n<p>Na pr\u00e1tica, a nova decis\u00e3o confirma que a publicidade anterior do DEM n\u00e3o pode ser exibida, mas o partido pode voltar a tratar do mesmo assunto em outra pe\u00e7a a ser exibida no hor\u00e1rio eleitoral. No hor\u00e1rio da noite desta segunda, o DEM voltou a colocar o caso em foco. O m\u00e9rito da a\u00e7\u00e3o ainda ser\u00e1 julgado.<\/p>\n","protected":false},"excerpt":{"rendered":"<p>Depois de reclamar na manh\u00e3 desta segunda-feira, 29, de que a Justi\u00e7a Eleitoral estaria promovendo \u201ccensura pr\u00e9via\u201d, ao proibir a veicula\u00e7\u00e3o do esc\u00e2ndalo do Instituto Brasil\u00a0no hor\u00e1rio eleitoral, o DEM comemorou agora \u00e0 tarde decis\u00e3o que revoga, em car\u00e1ter liminar, a senten\u00e7a anterior do juiz Cl\u00e1udio C\u00e9sare. O juiz eleitoral Wanderley Gomes entendeu que o [&hellip;]<\/p>\n","protected":false},"author":2,"featured_media":0,"comment_status":"open","ping_status":"open","sticky":false,"template":"","format":"standard","meta":{"footnotes":"","_links_to":"","_links_to_target":""},"categories":[1],"tags":[],"class_list":["post-42647","post","type-post","status-publish","format-standard","hentry","category-geral"],"views":1376,"_links":{"self":[{"href":"https:\/\/www.sudoestehoje.com.br\/novoportal\/wp-json\/wp\/v2\/posts\/42647","targetHints":{"allow":["GET"]}}],"collection":[{"href":"https:\/\/www.sudoestehoje.com.br\/novoportal\/wp-json\/wp\/v2\/posts"}],"about":[{"href":"https:\/\/www.sudoestehoje.com.br\/novoportal\/wp-json\/wp\/v2\/types\/post"}],"author":[{"embeddable":true,"href":"https:\/\/www.sudoestehoje.com.br\/novoportal\/wp-json\/wp\/v2\/users\/2"}],"replies":[{"embeddable":true,"href":"https:\/\/www.sudoestehoje.com.br\/novoportal\/wp-json\/wp\/v2\/comments?post=42647"}],"version-history":[{"count":4,"href":"https:\/\/www.sudoestehoje.com.br\/novoportal\/wp-json\/wp\/v2\/posts\/42647\/revisions"}],"predecessor-version":[{"id":42652,"href":"https:\/\/www.sudoestehoje.com.br\/novoportal\/wp-json\/wp\/v2\/posts\/42647\/revisions\/42652"}],"wp:attachment":[{"href":"https:\/\/www.sudoestehoje.com.br\/novoportal\/wp-json\/wp\/v2\/media?parent=42647"}],"wp:term":[{"taxonomy":"category","embeddable":true,"href":"https:\/\/www.sudoestehoje.com.br\/novoportal\/wp-json\/wp\/v2\/categories?post=42647"},{"taxonomy":"post_tag","embeddable":true,"href":"https:\/\/www.sudoestehoje.com.br\/novoportal\/wp-json\/wp\/v2\/tags?post=42647"}],"curies":[{"name":"wp","href":"https:\/\/api.w.org\/{rel}","templated":true}]}}