
{"id":4260,"date":"2011-04-11T09:38:27","date_gmt":"2011-04-11T12:38:27","guid":{"rendered":"http:\/\/www.sudoestehoje.com.br\/novoportal\/?p=4260"},"modified":"2011-04-11T18:08:09","modified_gmt":"2011-04-11T21:08:09","slug":"4260","status":"publish","type":"post","link":"https:\/\/www.sudoestehoje.com.br\/novoportal\/2011\/04\/11\/4260\/","title":{"rendered":"ITAPETINGA: AGENTES DE SA\u00daDE FAZEM PARALISA\u00c7\u00c3O NESTA SEGUNDA"},"content":{"rendered":"<p style=\"text-align: center;\"><img decoding=\"async\" class=\"aligncenter\" src=\"http:\/\/4.bp.blogspot.com\/_222h-6TXKIA\/St3jxNukuDI\/AAAAAAAAA3U\/_tbQ8AkxRig\/s320\/2.jpg\" alt=\"\" \/><\/p>\n<p style=\"text-align: center;\"><em><strong>Agentes de Sa\u00fade de Itapetinga (foto: arquivo Google)<\/strong><\/em><\/p>\n<p>\u00a0<\/p>\n<p>ITAPETINGA: Parece que os esfor\u00e7os do executivo para &#8216;administrar&#8217; as insatisfa\u00e7\u00f5es dos servidores municipais come\u00e7am a dar com os &#8216;burros n&#8217;\u00e1gua&#8217;, como diz o velho ditado.<\/p>\n<p>Insatisfeitos e relegados a um segundo plano, os Agentes Comunit\u00e1rios de Sa\u00fade marcaram para esta segunda-feira uma paralisa\u00e7\u00e3o de\u00a0protesto contra a atitude do prefeito municipal em negar-lhes um necess\u00e1rio reajuste salarial.<\/p>\n<p>Neste momento, cerca de 140 agentes de sa\u00fade concentram-se sentados na cal\u00e7ada em frente \u00e0 Secretaria Municipal de Sa\u00fade, fazendo piquete. Temendo uma repercuss\u00e3o negativa, a secret\u00e1ria\u00a0Kally Cristina acaba de receber\u00a0uma comiss\u00e3o dos agentes de sa\u00fade,\u00a0 prometendo marcar uma audi\u00eancia com o prefeito Z\u00e9 Carlos, o que dever\u00e1 acontecer na tarde desta quarta-feira.<\/p>\n<p>Dependendo do posicionamento que o prefeito (leia-se Zen\u00f3bio)\u00a0venha a adotar, os agentes poder\u00e3o at\u00e9 entrar em greve por tempo indeterminado. Com a sa\u00fade p\u00fablica municipal\u00a0mergulhada no caos, s\u00f3 faltava esta.<\/p>\n<p><em><strong>Por DAVI FERRAZ<\/strong><\/em><\/p>\n","protected":false},"excerpt":{"rendered":"<p>Agentes de Sa\u00fade de Itapetinga (foto: arquivo Google) \u00a0 ITAPETINGA: Parece que os esfor\u00e7os do executivo para &#8216;administrar&#8217; as insatisfa\u00e7\u00f5es dos servidores municipais come\u00e7am a dar com os &#8216;burros n&#8217;\u00e1gua&#8217;, como diz o velho ditado. Insatisfeitos e relegados a um segundo plano, os Agentes Comunit\u00e1rios de Sa\u00fade marcaram para esta segunda-feira uma paralisa\u00e7\u00e3o de\u00a0protesto contra [&hellip;]<\/p>\n","protected":false},"author":2,"featured_media":0,"comment_status":"open","ping_status":"open","sticky":false,"template":"","format":"standard","meta":{"footnotes":"","_links_to":"","_links_to_target":""},"categories":[1],"tags":[],"class_list":["post-4260","post","type-post","status-publish","format-standard","hentry","category-geral"],"views":1149,"_links":{"self":[{"href":"https:\/\/www.sudoestehoje.com.br\/novoportal\/wp-json\/wp\/v2\/posts\/4260","targetHints":{"allow":["GET"]}}],"collection":[{"href":"https:\/\/www.sudoestehoje.com.br\/novoportal\/wp-json\/wp\/v2\/posts"}],"about":[{"href":"https:\/\/www.sudoestehoje.com.br\/novoportal\/wp-json\/wp\/v2\/types\/post"}],"author":[{"embeddable":true,"href":"https:\/\/www.sudoestehoje.com.br\/novoportal\/wp-json\/wp\/v2\/users\/2"}],"replies":[{"embeddable":true,"href":"https:\/\/www.sudoestehoje.com.br\/novoportal\/wp-json\/wp\/v2\/comments?post=4260"}],"version-history":[{"count":6,"href":"https:\/\/www.sudoestehoje.com.br\/novoportal\/wp-json\/wp\/v2\/posts\/4260\/revisions"}],"predecessor-version":[{"id":4262,"href":"https:\/\/www.sudoestehoje.com.br\/novoportal\/wp-json\/wp\/v2\/posts\/4260\/revisions\/4262"}],"wp:attachment":[{"href":"https:\/\/www.sudoestehoje.com.br\/novoportal\/wp-json\/wp\/v2\/media?parent=4260"}],"wp:term":[{"taxonomy":"category","embeddable":true,"href":"https:\/\/www.sudoestehoje.com.br\/novoportal\/wp-json\/wp\/v2\/categories?post=4260"},{"taxonomy":"post_tag","embeddable":true,"href":"https:\/\/www.sudoestehoje.com.br\/novoportal\/wp-json\/wp\/v2\/tags?post=4260"}],"curies":[{"name":"wp","href":"https:\/\/api.w.org\/{rel}","templated":true}]}}