
{"id":42551,"date":"2014-09-28T14:45:15","date_gmt":"2014-09-28T17:45:15","guid":{"rendered":"http:\/\/www.sudoestehoje.com.br\/novoportal\/?p=42551"},"modified":"2014-09-28T14:45:15","modified_gmt":"2014-09-28T17:45:15","slug":"bancarios-mantem-greve-para-terca","status":"publish","type":"post","link":"https:\/\/www.sudoestehoje.com.br\/novoportal\/2014\/09\/28\/bancarios-mantem-greve-para-terca\/","title":{"rendered":"BANC\u00c1RIOS MANT\u00caM GREVE PARA TER\u00c7A"},"content":{"rendered":"<p><a href=\"http:\/\/www.sudoestehoje.com.br\/novoportal\/wp-content\/uploads\/2014\/09\/greve-bancos.jpg\"><img loading=\"lazy\" decoding=\"async\" class=\"aligncenter size-medium wp-image-42552\" src=\"http:\/\/www.sudoestehoje.com.br\/novoportal\/wp-content\/uploads\/2014\/09\/greve-bancos-500x316.jpg\" alt=\"greve-bancos\" width=\"500\" height=\"316\" srcset=\"https:\/\/www.sudoestehoje.com.br\/novoportal\/wp-content\/uploads\/2014\/09\/greve-bancos-500x316.jpg 500w, https:\/\/www.sudoestehoje.com.br\/novoportal\/wp-content\/uploads\/2014\/09\/greve-bancos-150x95.jpg 150w, https:\/\/www.sudoestehoje.com.br\/novoportal\/wp-content\/uploads\/2014\/09\/greve-bancos.jpg 600w\" sizes=\"auto, (max-width: 500px) 100vw, 500px\" \/><\/a><\/p>\n<p>Ap\u00f3s uma nova rodada de negocia\u00e7\u00f5es entre a Confedera\u00e7\u00e3o Nacional dos Trabalhadores do Ramo Financeiro (Contraf) e a Federa\u00e7\u00e3o Nacional dos Bancos (Fenaban), os banc\u00e1rios decidiram manter a greve prevista para come\u00e7ar na pr\u00f3xima ter\u00e7a-feira (30).<\/p>\n<p>Na reuni\u00e3o de ontem (27), os bancos elevaram o \u00edndice de reajuste de 7% para 7,35% para os sal\u00e1rios, e de 7,5% para 8% para os pisos, segundo a Contraf. \u201cO Comando Nacional dos Banc\u00e1rios considerou a nova proposta insuficiente n\u00e3o somente do ponto de vista econ\u00f4mico, mas tamb\u00e9m porque ignora completamente as demais reivindica\u00e7\u00f5es da pauta de reivindica\u00e7\u00f5es da categoria\u201d, informou a categoria, em nota.<\/p>\n<p>Os trabalhadores pedem reajuste salarial de 12,5% e piso salarial de R$ 2.979,25, entre outras reivindica\u00e7\u00f5es, como fim das metas, consideradas abusivas, combate ao ass\u00e9dio moral e isonomia de direitos para afastados por motivo de sa\u00fade.<\/p>\n","protected":false},"excerpt":{"rendered":"<p>Ap\u00f3s uma nova rodada de negocia\u00e7\u00f5es entre a Confedera\u00e7\u00e3o Nacional dos Trabalhadores do Ramo Financeiro (Contraf) e a Federa\u00e7\u00e3o Nacional dos Bancos (Fenaban), os banc\u00e1rios decidiram manter a greve prevista para come\u00e7ar na pr\u00f3xima ter\u00e7a-feira (30). Na reuni\u00e3o de ontem (27), os bancos elevaram o \u00edndice de reajuste de 7% para 7,35% para os sal\u00e1rios, [&hellip;]<\/p>\n","protected":false},"author":2,"featured_media":0,"comment_status":"open","ping_status":"open","sticky":false,"template":"","format":"standard","meta":{"footnotes":"","_links_to":"","_links_to_target":""},"categories":[1],"tags":[],"class_list":["post-42551","post","type-post","status-publish","format-standard","hentry","category-geral"],"views":1131,"_links":{"self":[{"href":"https:\/\/www.sudoestehoje.com.br\/novoportal\/wp-json\/wp\/v2\/posts\/42551","targetHints":{"allow":["GET"]}}],"collection":[{"href":"https:\/\/www.sudoestehoje.com.br\/novoportal\/wp-json\/wp\/v2\/posts"}],"about":[{"href":"https:\/\/www.sudoestehoje.com.br\/novoportal\/wp-json\/wp\/v2\/types\/post"}],"author":[{"embeddable":true,"href":"https:\/\/www.sudoestehoje.com.br\/novoportal\/wp-json\/wp\/v2\/users\/2"}],"replies":[{"embeddable":true,"href":"https:\/\/www.sudoestehoje.com.br\/novoportal\/wp-json\/wp\/v2\/comments?post=42551"}],"version-history":[{"count":1,"href":"https:\/\/www.sudoestehoje.com.br\/novoportal\/wp-json\/wp\/v2\/posts\/42551\/revisions"}],"predecessor-version":[{"id":42553,"href":"https:\/\/www.sudoestehoje.com.br\/novoportal\/wp-json\/wp\/v2\/posts\/42551\/revisions\/42553"}],"wp:attachment":[{"href":"https:\/\/www.sudoestehoje.com.br\/novoportal\/wp-json\/wp\/v2\/media?parent=42551"}],"wp:term":[{"taxonomy":"category","embeddable":true,"href":"https:\/\/www.sudoestehoje.com.br\/novoportal\/wp-json\/wp\/v2\/categories?post=42551"},{"taxonomy":"post_tag","embeddable":true,"href":"https:\/\/www.sudoestehoje.com.br\/novoportal\/wp-json\/wp\/v2\/tags?post=42551"}],"curies":[{"name":"wp","href":"https:\/\/api.w.org\/{rel}","templated":true}]}}