
{"id":42545,"date":"2014-09-28T14:28:04","date_gmt":"2014-09-28T17:28:04","guid":{"rendered":"http:\/\/www.sudoestehoje.com.br\/novoportal\/?p=42545"},"modified":"2014-09-28T14:28:04","modified_gmt":"2014-09-28T17:28:04","slug":"marina-diz-que-pt-de-dilma-e-psdb-de-aecio-estao-tremendo-de-medo","status":"publish","type":"post","link":"https:\/\/www.sudoestehoje.com.br\/novoportal\/2014\/09\/28\/marina-diz-que-pt-de-dilma-e-psdb-de-aecio-estao-tremendo-de-medo\/","title":{"rendered":"MARINA DIZ QUE PT DE DILMA E PSDB DE A\u00c9CIO &#8220;EST\u00c3O TREMENDO DE MEDO&#8221;"},"content":{"rendered":"<p><a href=\"http:\/\/www.sudoestehoje.com.br\/novoportal\/wp-content\/uploads\/2014\/09\/MArina-Press.jpg\"><img loading=\"lazy\" decoding=\"async\" class=\"aligncenter size-full wp-image-42546\" src=\"http:\/\/www.sudoestehoje.com.br\/novoportal\/wp-content\/uploads\/2014\/09\/MArina-Press.jpg\" alt=\"MArina-Press\" width=\"460\" height=\"340\" srcset=\"https:\/\/www.sudoestehoje.com.br\/novoportal\/wp-content\/uploads\/2014\/09\/MArina-Press.jpg 460w, https:\/\/www.sudoestehoje.com.br\/novoportal\/wp-content\/uploads\/2014\/09\/MArina-Press-150x110.jpg 150w\" sizes=\"auto, (max-width: 460px) 100vw, 460px\" \/><\/a><\/p>\n<p>A candidata do PSB \u00e0 Presid\u00eancia, Marina Silva, disse neste s\u00e1bado que PT e PSDB est\u00e3o \u201ctremendo de medo\u201d com sua candidatura e afirmou que \u00e9 o candidato do PSDB, A\u00e9cio Neves, quem deveria se preocupar com as pesquisas eleitorais.<\/p>\n<p>Marina deu entrevista coletiva em seu comit\u00ea de campanha em S\u00e3o Paulo ao lado de seu candidato a vice, Beto Albuquerque, e de lideran\u00e7as do PSB, da Rede Sustentabilidade e de partidos que apoiam sua candidatura ao Planalto.<\/p>\n<p>\u201cEu nunca imaginei que eles (PT e PSDB) fossem se juntar. Eles gostam tanto da polariza\u00e7\u00e3o, j\u00e1 se acostumaram tanto a fazer o plebiscito que pela primeira vez na hist\u00f3ria desse Pa\u00eds o PT e o PSDB est\u00e3o juntos na mesma artilharia, nos combatendo\u201d, disse a candidata. \u201cOs dois maiores partidos e seus auxiliares est\u00e3o tremendo de medo\u201d.<!--more--><\/p>\n<p>A cerca de uma semana do primeiro turno da elei\u00e7\u00e3o, as pesquisas t\u00eam apontado queda de Marina e aumento da vantagem da candidata \u00e0 reelei\u00e7\u00e3o pelo PT, Dilma Rousseff. Na simula\u00e7\u00e3o de segundo turno, a disputa entre ambas permanece acirrada, mas Dilma assumiu a lideran\u00e7a num\u00e9rica contra a candidata do PSB.<span id=\"more-190758\"><\/span><\/p>\n<p>A\u00e9cio tem comemorado as pesquisas, que apontam varia\u00e7\u00e3o positiva de suas inten\u00e7\u00f5es de voto, mas dentro da margem de erro, e, neste s\u00e1bado, em evento em Osasco, alfinetou Dilma e Marina afirmando n\u00e3o querer na Presid\u00eancia \u201cnem o PT que est\u00e1 a\u00ed, nem o PT renovado\u201d, em uma refer\u00eancia aos mais de 20 anos em que Marina foi integrante do PT.<\/p>\n<p>\u201cTalvez o melhor fosse o A\u00e9cio se preocupar com o PSDB envelhecido\u201d, rebateu a candidata do PSB. Marina disse que a pesquisa \u201cdefinitiva\u201d \u00e9 a do dia 5 de outubro, data do primeiro turno das elei\u00e7\u00f5es, e afirmou que o tucano deveria estar preocupado com os levantamentos, j\u00e1 que antes os presidenci\u00e1veis tucanos disputavam a primeira posi\u00e7\u00e3o e agora ele est\u00e1 disputando a segunda.<\/p>\n<p>\u201cEu dizia isso em 2010 (sobre a quebra da polariza\u00e7\u00e3o entre PT ePSDB) e muita gente ficava descrente. Aconteceu, virou manchete\u201d, brincou a ex-senadora.<\/p>\n<p>\u201cA nossa candidatura \u00e9 uma candidatura ascendente e a sociedade brasileira sabe disso. Tanto a Dilma quanto o A\u00e9cio sabem disso. E n\u00f3s j\u00e1 sabemos qual \u00e9 a candidatura descendente, que n\u00e3o disputa o primeiro lugar. Disputa o segundo lugar. Est\u00e1 disputando o segundo lugar h\u00e1 12 anos\u201d, disparou.<\/p>\n","protected":false},"excerpt":{"rendered":"<p>A candidata do PSB \u00e0 Presid\u00eancia, Marina Silva, disse neste s\u00e1bado que PT e PSDB est\u00e3o \u201ctremendo de medo\u201d com sua candidatura e afirmou que \u00e9 o candidato do PSDB, A\u00e9cio Neves, quem deveria se preocupar com as pesquisas eleitorais. Marina deu entrevista coletiva em seu comit\u00ea de campanha em S\u00e3o Paulo ao lado de [&hellip;]<\/p>\n","protected":false},"author":2,"featured_media":0,"comment_status":"open","ping_status":"open","sticky":false,"template":"","format":"standard","meta":{"footnotes":"","_links_to":"","_links_to_target":""},"categories":[1],"tags":[],"class_list":["post-42545","post","type-post","status-publish","format-standard","hentry","category-geral"],"views":1211,"_links":{"self":[{"href":"https:\/\/www.sudoestehoje.com.br\/novoportal\/wp-json\/wp\/v2\/posts\/42545","targetHints":{"allow":["GET"]}}],"collection":[{"href":"https:\/\/www.sudoestehoje.com.br\/novoportal\/wp-json\/wp\/v2\/posts"}],"about":[{"href":"https:\/\/www.sudoestehoje.com.br\/novoportal\/wp-json\/wp\/v2\/types\/post"}],"author":[{"embeddable":true,"href":"https:\/\/www.sudoestehoje.com.br\/novoportal\/wp-json\/wp\/v2\/users\/2"}],"replies":[{"embeddable":true,"href":"https:\/\/www.sudoestehoje.com.br\/novoportal\/wp-json\/wp\/v2\/comments?post=42545"}],"version-history":[{"count":1,"href":"https:\/\/www.sudoestehoje.com.br\/novoportal\/wp-json\/wp\/v2\/posts\/42545\/revisions"}],"predecessor-version":[{"id":42547,"href":"https:\/\/www.sudoestehoje.com.br\/novoportal\/wp-json\/wp\/v2\/posts\/42545\/revisions\/42547"}],"wp:attachment":[{"href":"https:\/\/www.sudoestehoje.com.br\/novoportal\/wp-json\/wp\/v2\/media?parent=42545"}],"wp:term":[{"taxonomy":"category","embeddable":true,"href":"https:\/\/www.sudoestehoje.com.br\/novoportal\/wp-json\/wp\/v2\/categories?post=42545"},{"taxonomy":"post_tag","embeddable":true,"href":"https:\/\/www.sudoestehoje.com.br\/novoportal\/wp-json\/wp\/v2\/tags?post=42545"}],"curies":[{"name":"wp","href":"https:\/\/api.w.org\/{rel}","templated":true}]}}