
{"id":4248,"date":"2011-04-11T00:01:05","date_gmt":"2011-04-11T03:01:05","guid":{"rendered":"http:\/\/www.sudoestehoje.com.br\/novoportal\/?p=4248"},"modified":"2011-04-11T00:01:05","modified_gmt":"2011-04-11T03:01:05","slug":"itapetinga-exposicao-sera-realizada-de-18-a-22-de-maio","status":"publish","type":"post","link":"https:\/\/www.sudoestehoje.com.br\/novoportal\/2011\/04\/11\/itapetinga-exposicao-sera-realizada-de-18-a-22-de-maio\/","title":{"rendered":"ITAPETINGA: EXPOSI\u00c7\u00c3O SER\u00c1 REALIZADA DE 18 A 22 DE MAIO"},"content":{"rendered":"<p style=\"text-align: center;\"><img decoding=\"async\" class=\"aligncenter\" src=\"http:\/\/www.tv7web.com.br\/images\/DSC_0143.JPG\" alt=\"\" \/><\/p>\n<p style=\"text-align: center;\"><em><strong>Parque Juvino Oliveira durante a Exposi\u00e7\u00e3o de 2010<\/strong><\/em><\/p>\n<p>\u00a0<\/p>\n<p>ITAPETINGA: A Exposi\u00e7\u00e3o Agropecu\u00e1ria de Itapetinga, considerada uma das mais tradicionais do estado, j\u00e1 tem data marcada para acontecer em 2011. O evento ser\u00e1 realizado no per\u00edodo de 18 a 22 de maio e promete reunir expositores, empres\u00e1rios e p\u00fablico em geral de todo o pa\u00eds.<\/p>\n<p>Fazendo parte da programa\u00e7\u00e3o, tamb\u00e9m ser\u00e1 acontece a 2\u00aa Feira de Neg\u00f3cios do Sebrae.\u00a0O presidente do sindicato rural de Itapetinga, Henrique Brugni, lembra que a abertura da Exposi\u00e7\u00e3o, que esse ano chega a sua 41\u00aa edi\u00e7\u00e3o, acontece no dia 17 de maio, a partir das 20h. <em>\u201cIremos contar com a presen\u00e7a de autoridades, representantes da sociedade civil, pol\u00edticos, dentre tantos outros. Ser\u00e1 uma grande festa e estamos empolgados\u201d<\/em>. Por Rodrigo Ferraz (Resenha Geral)<\/p>\n","protected":false},"excerpt":{"rendered":"<p>Parque Juvino Oliveira durante a Exposi\u00e7\u00e3o de 2010 \u00a0 ITAPETINGA: A Exposi\u00e7\u00e3o Agropecu\u00e1ria de Itapetinga, considerada uma das mais tradicionais do estado, j\u00e1 tem data marcada para acontecer em 2011. O evento ser\u00e1 realizado no per\u00edodo de 18 a 22 de maio e promete reunir expositores, empres\u00e1rios e p\u00fablico em geral de todo o pa\u00eds. [&hellip;]<\/p>\n","protected":false},"author":2,"featured_media":0,"comment_status":"open","ping_status":"open","sticky":false,"template":"","format":"standard","meta":{"footnotes":"","_links_to":"","_links_to_target":""},"categories":[1],"tags":[],"class_list":["post-4248","post","type-post","status-publish","format-standard","hentry","category-geral"],"views":1183,"_links":{"self":[{"href":"https:\/\/www.sudoestehoje.com.br\/novoportal\/wp-json\/wp\/v2\/posts\/4248","targetHints":{"allow":["GET"]}}],"collection":[{"href":"https:\/\/www.sudoestehoje.com.br\/novoportal\/wp-json\/wp\/v2\/posts"}],"about":[{"href":"https:\/\/www.sudoestehoje.com.br\/novoportal\/wp-json\/wp\/v2\/types\/post"}],"author":[{"embeddable":true,"href":"https:\/\/www.sudoestehoje.com.br\/novoportal\/wp-json\/wp\/v2\/users\/2"}],"replies":[{"embeddable":true,"href":"https:\/\/www.sudoestehoje.com.br\/novoportal\/wp-json\/wp\/v2\/comments?post=4248"}],"version-history":[{"count":4,"href":"https:\/\/www.sudoestehoje.com.br\/novoportal\/wp-json\/wp\/v2\/posts\/4248\/revisions"}],"predecessor-version":[{"id":4252,"href":"https:\/\/www.sudoestehoje.com.br\/novoportal\/wp-json\/wp\/v2\/posts\/4248\/revisions\/4252"}],"wp:attachment":[{"href":"https:\/\/www.sudoestehoje.com.br\/novoportal\/wp-json\/wp\/v2\/media?parent=4248"}],"wp:term":[{"taxonomy":"category","embeddable":true,"href":"https:\/\/www.sudoestehoje.com.br\/novoportal\/wp-json\/wp\/v2\/categories?post=4248"},{"taxonomy":"post_tag","embeddable":true,"href":"https:\/\/www.sudoestehoje.com.br\/novoportal\/wp-json\/wp\/v2\/tags?post=4248"}],"curies":[{"name":"wp","href":"https:\/\/api.w.org\/{rel}","templated":true}]}}