
{"id":4244,"date":"2011-04-10T23:26:47","date_gmt":"2011-04-11T02:26:47","guid":{"rendered":"http:\/\/www.sudoestehoje.com.br\/novoportal\/?p=4244"},"modified":"2011-04-11T00:50:45","modified_gmt":"2011-04-11T03:50:45","slug":"perigo-no-parque","status":"publish","type":"post","link":"https:\/\/www.sudoestehoje.com.br\/novoportal\/2011\/04\/10\/perigo-no-parque\/","title":{"rendered":"PERIGO NO PARQUE"},"content":{"rendered":"<p style=\"text-align: center;\"><a id=\"apf5\" href=\"http:\/\/www.google.com.br\/imgres?imgurl=http:\/\/1.bp.blogspot.com\/_vBEVDLY91Ww\/S9ee5qR1jNI\/AAAAAAAAB8g\/Ox3CS_uGof8\/s1600\/INAUGURA%C3%87%C3%83O%2BSEC%2B3.jpg&amp;imgrefurl=http:\/\/noticiasdeitapetinga.blogspot.com\/2010_04_25_archive.html&amp;usg=__8vHk4ISrTpZQGWW-3aWyJLPBAkU=&amp;h=615&amp;w=820&amp;sz=133&amp;hl=pt-br&amp;start=166&amp;zoom=1&amp;um=1&amp;itbs=1&amp;tbnid=ly-Thoh1BcaIGM:&amp;tbnh=108&amp;tbnw=144&amp;prev=\/images%3Fq%3DSECRET%25C3%2581RIA%2BSAUDE%2BITAPETINGA%26start%3D160%26um%3D1%26hl%3Dpt-br%26sa%3DN%26rlz%3D1R2ADBS_pt-BRBR354%26ndsp%3D20%26tbm%3Disch&amp;ei=gHqiTcfgIYqV0QGj0qGDBQ\"><img loading=\"lazy\" decoding=\"async\" id=\"ipfly-Thoh1BcaIGM:\" src=\"http:\/\/t3.gstatic.com\/images?q=tbn:ANd9GcQ7p6vWKnAm84gYHL_pVn7SK7a-yfso8KJmFx200i7XuO4o0Vm1WyiMPCg\" alt=\"\" width=\"144\" height=\"108\" \/><\/a><a href=\"http:\/\/www.google.com.br\/imgres?imgurl=http:\/\/pequenopolis.files.wordpress.com\/2009\/06\/dsc07288.jpg%3Fw%3D480%26h%3D360&amp;imgrefurl=http:\/\/pequenopolis.wordpress.com\/2009\/06\/27\/restaurantes-para-ir-com-criancas-ix-picui\/&amp;usg=__F7h-3_OPGPZqZF_hQNMGy5faF7o=&amp;h=360&amp;w=480&amp;sz=112&amp;hl=pt-br&amp;start=14&amp;zoom=1&amp;um=1&amp;itbs=1&amp;tbnid=YbX0YsNKTk4Z0M:&amp;tbnh=97&amp;tbnw=129&amp;prev=\/images%3Fq%3Dparquinho%2Binfantil%26um%3D1%26hl%3Dpt-br%26sa%3DN%26rlz%3D1R2ADBS_pt-BRBR354%26tbm%3Disch&amp;ei=tGaiTeCaKNG80QHE2tmTBQ\"><\/a><\/p>\n<p>Veja este coment\u00e1rio de um dos nossos leitores: &#8220;<em>A secretaria de educa\u00e7ao colocou parques infantis nas escolas achando que era uma boa para as crian\u00e7as, s\u00f3 que presta para acontecer acidentes. Na escola D.Maria j\u00e1 aconteceu muitos acidentes e agora por ultimo o mais grave a crian\u00e7a caiu de cima do parque que desmaiou e que com a queda teve um problema no figado que foi para Itabuna.S\u00f3 que o secretario de educa\u00e7ao ,nem a diretora e nem as professoras tomam providencia.Ta esperando morrer um???&#8221;<\/em> . Nada temos contra os parques infantis nas escolas, mas \u00e9 preciso que as professoras e funcion\u00e1rios das escolas tenham mais aten\u00e7\u00e3o com as crian\u00e7as e que os brinquedos sejam adaptados para n\u00e3o oferecerem perigo para os alunos.<\/p>\n","protected":false},"excerpt":{"rendered":"<p>Veja este coment\u00e1rio de um dos nossos leitores: &#8220;A secretaria de educa\u00e7ao colocou parques infantis nas escolas achando que era uma boa para as crian\u00e7as, s\u00f3 que presta para acontecer acidentes. Na escola D.Maria j\u00e1 aconteceu muitos acidentes e agora por ultimo o mais grave a crian\u00e7a caiu de cima do parque que desmaiou e [&hellip;]<\/p>\n","protected":false},"author":2,"featured_media":0,"comment_status":"open","ping_status":"open","sticky":false,"template":"","format":"standard","meta":{"footnotes":"","_links_to":"","_links_to_target":""},"categories":[11],"tags":[],"class_list":["post-4244","post","type-post","status-publish","format-standard","hentry","category-quentinhas"],"views":1068,"_links":{"self":[{"href":"https:\/\/www.sudoestehoje.com.br\/novoportal\/wp-json\/wp\/v2\/posts\/4244","targetHints":{"allow":["GET"]}}],"collection":[{"href":"https:\/\/www.sudoestehoje.com.br\/novoportal\/wp-json\/wp\/v2\/posts"}],"about":[{"href":"https:\/\/www.sudoestehoje.com.br\/novoportal\/wp-json\/wp\/v2\/types\/post"}],"author":[{"embeddable":true,"href":"https:\/\/www.sudoestehoje.com.br\/novoportal\/wp-json\/wp\/v2\/users\/2"}],"replies":[{"embeddable":true,"href":"https:\/\/www.sudoestehoje.com.br\/novoportal\/wp-json\/wp\/v2\/comments?post=4244"}],"version-history":[{"count":4,"href":"https:\/\/www.sudoestehoje.com.br\/novoportal\/wp-json\/wp\/v2\/posts\/4244\/revisions"}],"predecessor-version":[{"id":4246,"href":"https:\/\/www.sudoestehoje.com.br\/novoportal\/wp-json\/wp\/v2\/posts\/4244\/revisions\/4246"}],"wp:attachment":[{"href":"https:\/\/www.sudoestehoje.com.br\/novoportal\/wp-json\/wp\/v2\/media?parent=4244"}],"wp:term":[{"taxonomy":"category","embeddable":true,"href":"https:\/\/www.sudoestehoje.com.br\/novoportal\/wp-json\/wp\/v2\/categories?post=4244"},{"taxonomy":"post_tag","embeddable":true,"href":"https:\/\/www.sudoestehoje.com.br\/novoportal\/wp-json\/wp\/v2\/tags?post=4244"}],"curies":[{"name":"wp","href":"https:\/\/api.w.org\/{rel}","templated":true}]}}