
{"id":42419,"date":"2014-09-27T18:39:02","date_gmt":"2014-09-27T21:39:02","guid":{"rendered":"http:\/\/www.sudoestehoje.com.br\/novoportal\/?p=42419"},"modified":"2014-09-27T18:39:02","modified_gmt":"2014-09-27T21:39:02","slug":"istoesensus-mostra-empate-tecnico-entre-marina-e-aecio-para-2o-turno","status":"publish","type":"post","link":"https:\/\/www.sudoestehoje.com.br\/novoportal\/2014\/09\/27\/istoesensus-mostra-empate-tecnico-entre-marina-e-aecio-para-2o-turno\/","title":{"rendered":"ISTO\u00c9\/SENSUS MOSTRA EMPATE T\u00c9CNICO ENTRE MARINA E A\u00c9CIO PARA 2\u00ba TURNO"},"content":{"rendered":"<p><a href=\"http:\/\/www.sudoestehoje.com.br\/novoportal\/wp-content\/uploads\/2014\/09\/AECIO-X-MARINA.jpg\"><img loading=\"lazy\" decoding=\"async\" class=\"aligncenter size-full wp-image-42420\" src=\"http:\/\/www.sudoestehoje.com.br\/novoportal\/wp-content\/uploads\/2014\/09\/AECIO-X-MARINA.jpg\" alt=\"AECIO X MARINA\" width=\"483\" height=\"251\" srcset=\"https:\/\/www.sudoestehoje.com.br\/novoportal\/wp-content\/uploads\/2014\/09\/AECIO-X-MARINA.jpg 483w, https:\/\/www.sudoestehoje.com.br\/novoportal\/wp-content\/uploads\/2014\/09\/AECIO-X-MARINA-150x77.jpg 150w\" sizes=\"auto, (max-width: 483px) 100vw, 483px\" \/><\/a><\/p>\n<p>Pesquisa Isto\u00c9\/Sensus divulgada nesta sexta-feira (26) mostra crescimento das inten\u00e7\u00f5es da candidata \u00e0 reelei\u00e7\u00e3o Dilma Rousseff (PT) nas elei\u00e7\u00f5es presidenciais. No levantamento realizado entre os dias 21 e 26 deste m\u00eas, a presidente est\u00e1 com 35,1%, oscilando 5,3 pontos percentuais acima dos 29,8% que obteve na pesquisa anterior, realizada entre 1\u00ba e 4 de setembro.<\/p>\n<p>A disputa pela segunda vaga em um segundo turno ficou mais acirrada e, pela primeira vez, os dois principais advers\u00e1rios de Dilma entraram em empate t\u00e9cnico na primeira rodada. A candidata do PSB, Marina Silva, saiu de 29,5% na pesquisa anterior para 25% nesta, em empate t\u00e9cnico \u2013 considerando a margem de erro \u2013 com o tucano A\u00e9cio Neves, que variou de 15,2% para 20,7% entre os dois levantamentos. A varia\u00e7\u00e3o para baixo de Marina foi de 4,5 pontos percentuais, inferior \u00e0 subida de 5,5 pontos de A\u00e9cio.<\/p>\n<p>Os demais candidatos tiveram menos de 1% de indica\u00e7\u00f5es. O \u00edndice dos que votariam em branco, nulo ou que n\u00e3o responderam caiu de 23,5% na pesquisa anterior para 16,7% neste levantamento. J\u00e1 na hip\u00f3tese de haver decis\u00e3o no segundo turno, Dilma empataria tecnicamente com a candidata do PSB. A petista teria 40,5%, contra 40,4% de Marina.<\/p>\n<p>O levantamento foi feito com dois mil eleitores, em 24 estados e 136 munic\u00edpios do pa\u00eds, e o \u00edndice de confian\u00e7a \u00e9 de 95%. A margem de erro \u00e9 de 2,2 pontos percentuais, para cima ou para baixo. O levantamento foi registrado na Justi\u00e7a Eleitoral sob o n\u00famero BR-00756\/2014.<\/p>\n","protected":false},"excerpt":{"rendered":"<p>Pesquisa Isto\u00c9\/Sensus divulgada nesta sexta-feira (26) mostra crescimento das inten\u00e7\u00f5es da candidata \u00e0 reelei\u00e7\u00e3o Dilma Rousseff (PT) nas elei\u00e7\u00f5es presidenciais. No levantamento realizado entre os dias 21 e 26 deste m\u00eas, a presidente est\u00e1 com 35,1%, oscilando 5,3 pontos percentuais acima dos 29,8% que obteve na pesquisa anterior, realizada entre 1\u00ba e 4 de setembro. [&hellip;]<\/p>\n","protected":false},"author":2,"featured_media":0,"comment_status":"open","ping_status":"open","sticky":false,"template":"","format":"standard","meta":{"footnotes":"","_links_to":"","_links_to_target":""},"categories":[1],"tags":[],"class_list":["post-42419","post","type-post","status-publish","format-standard","hentry","category-geral"],"views":1263,"_links":{"self":[{"href":"https:\/\/www.sudoestehoje.com.br\/novoportal\/wp-json\/wp\/v2\/posts\/42419","targetHints":{"allow":["GET"]}}],"collection":[{"href":"https:\/\/www.sudoestehoje.com.br\/novoportal\/wp-json\/wp\/v2\/posts"}],"about":[{"href":"https:\/\/www.sudoestehoje.com.br\/novoportal\/wp-json\/wp\/v2\/types\/post"}],"author":[{"embeddable":true,"href":"https:\/\/www.sudoestehoje.com.br\/novoportal\/wp-json\/wp\/v2\/users\/2"}],"replies":[{"embeddable":true,"href":"https:\/\/www.sudoestehoje.com.br\/novoportal\/wp-json\/wp\/v2\/comments?post=42419"}],"version-history":[{"count":1,"href":"https:\/\/www.sudoestehoje.com.br\/novoportal\/wp-json\/wp\/v2\/posts\/42419\/revisions"}],"predecessor-version":[{"id":42421,"href":"https:\/\/www.sudoestehoje.com.br\/novoportal\/wp-json\/wp\/v2\/posts\/42419\/revisions\/42421"}],"wp:attachment":[{"href":"https:\/\/www.sudoestehoje.com.br\/novoportal\/wp-json\/wp\/v2\/media?parent=42419"}],"wp:term":[{"taxonomy":"category","embeddable":true,"href":"https:\/\/www.sudoestehoje.com.br\/novoportal\/wp-json\/wp\/v2\/categories?post=42419"},{"taxonomy":"post_tag","embeddable":true,"href":"https:\/\/www.sudoestehoje.com.br\/novoportal\/wp-json\/wp\/v2\/tags?post=42419"}],"curies":[{"name":"wp","href":"https:\/\/api.w.org\/{rel}","templated":true}]}}