
{"id":42348,"date":"2014-09-24T23:34:48","date_gmt":"2014-09-25T02:34:48","guid":{"rendered":"http:\/\/www.sudoestehoje.com.br\/novoportal\/?p=42348"},"modified":"2014-09-24T23:38:15","modified_gmt":"2014-09-25T02:38:15","slug":"sabado-e-dia-de-fazer-o-bem-em-prol-de-pessoas-com-deficiencia","status":"publish","type":"post","link":"https:\/\/www.sudoestehoje.com.br\/novoportal\/2014\/09\/24\/sabado-e-dia-de-fazer-o-bem-em-prol-de-pessoas-com-deficiencia\/","title":{"rendered":"PR\u00d3XIMO S\u00c1BADO \u00c9 DIA DE FAZER O BEM EM PROL DE PESSOAS COM DEFICI\u00caNCIA"},"content":{"rendered":"<p><a href=\"http:\/\/www.sudoestehoje.com.br\/novoportal\/wp-content\/uploads\/2014\/09\/SABADO.jpg\"><img loading=\"lazy\" decoding=\"async\" class=\"aligncenter size-medium wp-image-42354\" src=\"http:\/\/www.sudoestehoje.com.br\/novoportal\/wp-content\/uploads\/2014\/09\/SABADO-500x247.jpg\" alt=\"SABADO\" width=\"500\" height=\"247\" srcset=\"https:\/\/www.sudoestehoje.com.br\/novoportal\/wp-content\/uploads\/2014\/09\/SABADO-500x247.jpg 500w, https:\/\/www.sudoestehoje.com.br\/novoportal\/wp-content\/uploads\/2014\/09\/SABADO-700x347.jpg 700w, https:\/\/www.sudoestehoje.com.br\/novoportal\/wp-content\/uploads\/2014\/09\/SABADO-150x74.jpg 150w, https:\/\/www.sudoestehoje.com.br\/novoportal\/wp-content\/uploads\/2014\/09\/SABADO.jpg 960w\" sizes=\"auto, (max-width: 500px) 100vw, 500px\" \/><\/a><\/p>\n<p>No m\u00eas em que se celebra o Dia Nacional de Luta das Pessoas com Defici\u00eancia, a rede Subway na Bahia e a Funda\u00e7\u00e3o Jos\u00e9 Silveira (FJS) promovem a segunda edi\u00e7\u00e3o do Dia do Bem, no pr\u00f3ximo s\u00e1bado (27 de setembro). Nesta data, toda a renda obtida com as vendas do Sandu\u00edche Steack Churrasco ser\u00e1 revertida para os servi\u00e7os complementares de sa\u00fade que beneficiam milhares de pessoas com defici\u00eancia neuromotora atendidas no IBR e no Centro Pestalozzi de Reabilita\u00e7\u00e3o, unidades da FJS. A campanha \u00e9 v\u00e1lida para todas as unidades da Subway na capital e no interior do estado.<\/p>\n<p>Em sua segunda edi\u00e7\u00e3o, o Dia do Bem conta com o apoio de institui\u00e7\u00f5es como o Shopping Barra, Salvador Shopping, Grupo Metr\u00f3pole, Grupo A Tarde, TV Aratu, Luripress e Uranus. A a\u00e7\u00e3o conta, ainda, com a participa\u00e7\u00e3o volunt\u00e1ria de v\u00e1rias personalidades. Jorge Vercilo, J\u00fanior Cigano, Ju Moraes, Armandinho, Bel Marques, Banda Eva, Tatau, Gilmel\u00e2ndia, Luis Caldas, Adelmo Cas\u00e9, Tuca Fernandes, Manu G\u00f3es, Aline Rosa, Ricardo Chaves e Bel Borba s\u00e3o alguns dos nomes que vestiram a camisa do bem. A campanha pode ser conferida no portal da Funda\u00e7\u00e3o Jos\u00e9 Silveira \u2013 www.fjs.org.br.<\/p>\n","protected":false},"excerpt":{"rendered":"<p>No m\u00eas em que se celebra o Dia Nacional de Luta das Pessoas com Defici\u00eancia, a rede Subway na Bahia e a Funda\u00e7\u00e3o Jos\u00e9 Silveira (FJS) promovem a segunda edi\u00e7\u00e3o do Dia do Bem, no pr\u00f3ximo s\u00e1bado (27 de setembro). Nesta data, toda a renda obtida com as vendas do Sandu\u00edche Steack Churrasco ser\u00e1 revertida [&hellip;]<\/p>\n","protected":false},"author":2,"featured_media":0,"comment_status":"open","ping_status":"open","sticky":false,"template":"","format":"standard","meta":{"footnotes":"","_links_to":"","_links_to_target":""},"categories":[1],"tags":[],"class_list":["post-42348","post","type-post","status-publish","format-standard","hentry","category-geral"],"views":2013,"_links":{"self":[{"href":"https:\/\/www.sudoestehoje.com.br\/novoportal\/wp-json\/wp\/v2\/posts\/42348","targetHints":{"allow":["GET"]}}],"collection":[{"href":"https:\/\/www.sudoestehoje.com.br\/novoportal\/wp-json\/wp\/v2\/posts"}],"about":[{"href":"https:\/\/www.sudoestehoje.com.br\/novoportal\/wp-json\/wp\/v2\/types\/post"}],"author":[{"embeddable":true,"href":"https:\/\/www.sudoestehoje.com.br\/novoportal\/wp-json\/wp\/v2\/users\/2"}],"replies":[{"embeddable":true,"href":"https:\/\/www.sudoestehoje.com.br\/novoportal\/wp-json\/wp\/v2\/comments?post=42348"}],"version-history":[{"count":5,"href":"https:\/\/www.sudoestehoje.com.br\/novoportal\/wp-json\/wp\/v2\/posts\/42348\/revisions"}],"predecessor-version":[{"id":42355,"href":"https:\/\/www.sudoestehoje.com.br\/novoportal\/wp-json\/wp\/v2\/posts\/42348\/revisions\/42355"}],"wp:attachment":[{"href":"https:\/\/www.sudoestehoje.com.br\/novoportal\/wp-json\/wp\/v2\/media?parent=42348"}],"wp:term":[{"taxonomy":"category","embeddable":true,"href":"https:\/\/www.sudoestehoje.com.br\/novoportal\/wp-json\/wp\/v2\/categories?post=42348"},{"taxonomy":"post_tag","embeddable":true,"href":"https:\/\/www.sudoestehoje.com.br\/novoportal\/wp-json\/wp\/v2\/tags?post=42348"}],"curies":[{"name":"wp","href":"https:\/\/api.w.org\/{rel}","templated":true}]}}