
{"id":42342,"date":"2014-09-24T22:42:43","date_gmt":"2014-09-25T01:42:43","guid":{"rendered":"http:\/\/www.sudoestehoje.com.br\/novoportal\/?p=42342"},"modified":"2014-09-24T22:42:43","modified_gmt":"2014-09-25T01:42:43","slug":"para-o-senado-ibope-aponta-geddel-com-33-e-otto-com-29","status":"publish","type":"post","link":"https:\/\/www.sudoestehoje.com.br\/novoportal\/2014\/09\/24\/para-o-senado-ibope-aponta-geddel-com-33-e-otto-com-29\/","title":{"rendered":"PARA O SENADO, IBOPE APONTA GEDDEL COM 33% E OTTO COM 29%"},"content":{"rendered":"<p><a href=\"http:\/\/www.sudoestehoje.com.br\/novoportal\/wp-content\/uploads\/2014\/09\/1-GEDDEL-OTTO.png\"><img loading=\"lazy\" decoding=\"async\" class=\"aligncenter size-medium wp-image-42343\" src=\"http:\/\/www.sudoestehoje.com.br\/novoportal\/wp-content\/uploads\/2014\/09\/1-GEDDEL-OTTO-500x271.png\" alt=\"1 GEDDEL OTTO\" width=\"500\" height=\"271\" srcset=\"https:\/\/www.sudoestehoje.com.br\/novoportal\/wp-content\/uploads\/2014\/09\/1-GEDDEL-OTTO-500x271.png 500w, https:\/\/www.sudoestehoje.com.br\/novoportal\/wp-content\/uploads\/2014\/09\/1-GEDDEL-OTTO-150x81.png 150w, https:\/\/www.sudoestehoje.com.br\/novoportal\/wp-content\/uploads\/2014\/09\/1-GEDDEL-OTTO.png 590w\" sizes=\"auto, (max-width: 500px) 100vw, 500px\" \/><\/a><\/p>\n<p>Dados da nova pesquisa Ibope\/TV Bahia divulgada na noite desta quarta-feira (24) mostram inten\u00e7\u00e3o de voto para a vaga de senador da Bahia. Geddel Vieira Lima (PMDB) mant\u00e9m a lideran\u00e7a com 33%, seguido por Otto Alencar (PSD) com 29%. Eliana Calmon (PSB) est\u00e1 em terceiro lugar com 4%.<\/p>\n<p>A margem de erro \u00e9 de tr\u00eas pontos percentuais, para mais ou para menos. O n\u00edvel de confian\u00e7a \u00e9 de 95%. Isso quer dizer que o instituto tem 95% de certeza de que os resultados obtidos est\u00e3o dentro da margem de erro.<\/p>\n<p>A pesquisa est\u00e1 registrada no Tribunal Regional Eleitoral (TRE) sob o n\u00famero 00026\/2014, e no Tribunal Superior Eleitoral (TSE) sob o n\u00famero 00763\/2014.<\/p>\n","protected":false},"excerpt":{"rendered":"<p>Dados da nova pesquisa Ibope\/TV Bahia divulgada na noite desta quarta-feira (24) mostram inten\u00e7\u00e3o de voto para a vaga de senador da Bahia. Geddel Vieira Lima (PMDB) mant\u00e9m a lideran\u00e7a com 33%, seguido por Otto Alencar (PSD) com 29%. Eliana Calmon (PSB) est\u00e1 em terceiro lugar com 4%. A margem de erro \u00e9 de tr\u00eas [&hellip;]<\/p>\n","protected":false},"author":2,"featured_media":0,"comment_status":"open","ping_status":"open","sticky":false,"template":"","format":"standard","meta":{"footnotes":"","_links_to":"","_links_to_target":""},"categories":[1],"tags":[],"class_list":["post-42342","post","type-post","status-publish","format-standard","hentry","category-geral"],"views":1236,"_links":{"self":[{"href":"https:\/\/www.sudoestehoje.com.br\/novoportal\/wp-json\/wp\/v2\/posts\/42342","targetHints":{"allow":["GET"]}}],"collection":[{"href":"https:\/\/www.sudoestehoje.com.br\/novoportal\/wp-json\/wp\/v2\/posts"}],"about":[{"href":"https:\/\/www.sudoestehoje.com.br\/novoportal\/wp-json\/wp\/v2\/types\/post"}],"author":[{"embeddable":true,"href":"https:\/\/www.sudoestehoje.com.br\/novoportal\/wp-json\/wp\/v2\/users\/2"}],"replies":[{"embeddable":true,"href":"https:\/\/www.sudoestehoje.com.br\/novoportal\/wp-json\/wp\/v2\/comments?post=42342"}],"version-history":[{"count":1,"href":"https:\/\/www.sudoestehoje.com.br\/novoportal\/wp-json\/wp\/v2\/posts\/42342\/revisions"}],"predecessor-version":[{"id":42344,"href":"https:\/\/www.sudoestehoje.com.br\/novoportal\/wp-json\/wp\/v2\/posts\/42342\/revisions\/42344"}],"wp:attachment":[{"href":"https:\/\/www.sudoestehoje.com.br\/novoportal\/wp-json\/wp\/v2\/media?parent=42342"}],"wp:term":[{"taxonomy":"category","embeddable":true,"href":"https:\/\/www.sudoestehoje.com.br\/novoportal\/wp-json\/wp\/v2\/categories?post=42342"},{"taxonomy":"post_tag","embeddable":true,"href":"https:\/\/www.sudoestehoje.com.br\/novoportal\/wp-json\/wp\/v2\/tags?post=42342"}],"curies":[{"name":"wp","href":"https:\/\/api.w.org\/{rel}","templated":true}]}}