
{"id":42323,"date":"2014-09-24T13:59:36","date_gmt":"2014-09-24T16:59:36","guid":{"rendered":"http:\/\/www.sudoestehoje.com.br\/novoportal\/?p=42323"},"modified":"2014-09-24T13:59:36","modified_gmt":"2014-09-24T16:59:36","slug":"romildo-diz-que-aguarda-decisao-de-ze-carlos-para-voltar-a-camara","status":"publish","type":"post","link":"https:\/\/www.sudoestehoje.com.br\/novoportal\/2014\/09\/24\/romildo-diz-que-aguarda-decisao-de-ze-carlos-para-voltar-a-camara\/","title":{"rendered":"ROMILDO DIZ QUE AGUARDA DECIS\u00c3O DE Z\u00c9 CARLOS PARA VOLTAR \u00c0 C\u00c2MARA"},"content":{"rendered":"<p><a href=\"http:\/\/www.sudoestehoje.com.br\/novoportal\/wp-content\/uploads\/2014\/09\/ROMILDO.jpg\"><img loading=\"lazy\" decoding=\"async\" class=\"aligncenter size-full wp-image-42324\" src=\"http:\/\/www.sudoestehoje.com.br\/novoportal\/wp-content\/uploads\/2014\/09\/ROMILDO.jpg\" alt=\"ROMILDO\" width=\"450\" height=\"300\" srcset=\"https:\/\/www.sudoestehoje.com.br\/novoportal\/wp-content\/uploads\/2014\/09\/ROMILDO.jpg 450w, https:\/\/www.sudoestehoje.com.br\/novoportal\/wp-content\/uploads\/2014\/09\/ROMILDO-150x100.jpg 150w\" sizes=\"auto, (max-width: 450px) 100vw, 450px\" \/><\/a><\/p>\n<p>O ex-vereador de Itapetinga e atualmente assessor especial do Prefeito Jos\u00e9 Carlos Moura (PT), o pedetista Romildo Teixeira, est\u00e1 aguardando a decis\u00e3o do petista para retornar ao legislativo da capital da pecu\u00e1ria.<\/p>\n<p>Em entrevista ao Blog do Rodrigo Ferraz na manh\u00e3 de hoje (quarta-feira), no aeroporto de Vit\u00f3ria da Conquista, Romildo, considerado uma das figuras pol\u00edticas mais pol\u00eamicas de Itapetinga, confirmou que o seu correligion\u00e1rio, o vereador Valdeir Chagas, dever\u00e1 deixar a cadeira de vereador e assumir a coordena\u00e7\u00e3o do SAAE (Servi\u00e7o Aut\u00f4nomo de \u00c1gua e Esgoto), \u00f3rg\u00e3o que fica respons\u00e1vel pelo abastecimento de \u00e1gua na cidade, ou at\u00e9 mesmo uma secretaria.<\/p>\n<p>\u201cO deputado federal F\u00e9lix Mendon\u00e7a J\u00fanior pediu essa solicita\u00e7\u00e3o ao prefeito, por acreditar no meu conhecimento sobre o legislativo. Valdeir \u00e9 uma pessoa que tem capacidade para assumir o SAAE ou uma secretaria. Agora s\u00f3 depende do prefeito Jos\u00e9 Carlos e eu aguardo, torcendo para que d\u00ea certo\u201d, disse.<\/p>\n","protected":false},"excerpt":{"rendered":"<p>O ex-vereador de Itapetinga e atualmente assessor especial do Prefeito Jos\u00e9 Carlos Moura (PT), o pedetista Romildo Teixeira, est\u00e1 aguardando a decis\u00e3o do petista para retornar ao legislativo da capital da pecu\u00e1ria. Em entrevista ao Blog do Rodrigo Ferraz na manh\u00e3 de hoje (quarta-feira), no aeroporto de Vit\u00f3ria da Conquista, Romildo, considerado uma das figuras [&hellip;]<\/p>\n","protected":false},"author":2,"featured_media":0,"comment_status":"open","ping_status":"open","sticky":false,"template":"","format":"standard","meta":{"footnotes":"","_links_to":"","_links_to_target":""},"categories":[1],"tags":[],"class_list":["post-42323","post","type-post","status-publish","format-standard","hentry","category-geral"],"views":1308,"_links":{"self":[{"href":"https:\/\/www.sudoestehoje.com.br\/novoportal\/wp-json\/wp\/v2\/posts\/42323","targetHints":{"allow":["GET"]}}],"collection":[{"href":"https:\/\/www.sudoestehoje.com.br\/novoportal\/wp-json\/wp\/v2\/posts"}],"about":[{"href":"https:\/\/www.sudoestehoje.com.br\/novoportal\/wp-json\/wp\/v2\/types\/post"}],"author":[{"embeddable":true,"href":"https:\/\/www.sudoestehoje.com.br\/novoportal\/wp-json\/wp\/v2\/users\/2"}],"replies":[{"embeddable":true,"href":"https:\/\/www.sudoestehoje.com.br\/novoportal\/wp-json\/wp\/v2\/comments?post=42323"}],"version-history":[{"count":1,"href":"https:\/\/www.sudoestehoje.com.br\/novoportal\/wp-json\/wp\/v2\/posts\/42323\/revisions"}],"predecessor-version":[{"id":42325,"href":"https:\/\/www.sudoestehoje.com.br\/novoportal\/wp-json\/wp\/v2\/posts\/42323\/revisions\/42325"}],"wp:attachment":[{"href":"https:\/\/www.sudoestehoje.com.br\/novoportal\/wp-json\/wp\/v2\/media?parent=42323"}],"wp:term":[{"taxonomy":"category","embeddable":true,"href":"https:\/\/www.sudoestehoje.com.br\/novoportal\/wp-json\/wp\/v2\/categories?post=42323"},{"taxonomy":"post_tag","embeddable":true,"href":"https:\/\/www.sudoestehoje.com.br\/novoportal\/wp-json\/wp\/v2\/tags?post=42323"}],"curies":[{"name":"wp","href":"https:\/\/api.w.org\/{rel}","templated":true}]}}