
{"id":42317,"date":"2014-09-24T08:02:35","date_gmt":"2014-09-24T11:02:35","guid":{"rendered":"http:\/\/www.sudoestehoje.com.br\/novoportal\/?p=42317"},"modified":"2014-09-24T08:02:35","modified_gmt":"2014-09-24T11:02:35","slug":"delatora-do-mensalinho-baiano-diz-que-possui-provas-documentais","status":"publish","type":"post","link":"https:\/\/www.sudoestehoje.com.br\/novoportal\/2014\/09\/24\/delatora-do-mensalinho-baiano-diz-que-possui-provas-documentais\/","title":{"rendered":"DELATORA DO &#8220;MENSALINHO BAIANO&#8221; DIZ QUE POSSUI PROVAS DOCUMENTAIS"},"content":{"rendered":"<p><a href=\"http:\/\/www.sudoestehoje.com.br\/novoportal\/wp-content\/uploads\/2014\/09\/DELATORA.jpg\"><img loading=\"lazy\" decoding=\"async\" class=\"wp-image-42318 alignleft\" src=\"http:\/\/www.sudoestehoje.com.br\/novoportal\/wp-content\/uploads\/2014\/09\/DELATORA.jpg\" alt=\"DELATORA\" width=\"240\" height=\"177\" srcset=\"https:\/\/www.sudoestehoje.com.br\/novoportal\/wp-content\/uploads\/2014\/09\/DELATORA.jpg 380w, https:\/\/www.sudoestehoje.com.br\/novoportal\/wp-content\/uploads\/2014\/09\/DELATORA-150x110.jpg 150w\" sizes=\"auto, (max-width: 240px) 100vw, 240px\" \/><\/a><\/p>\n<p>Diante de acusa\u00e7\u00f5es dos petistas de que n\u00e3o haveria provas documentais para atestar irregularidades no Instituto Brasil, a principal delatora do suposto esquema de desvio p\u00fablico, Dalva Sele Paiva, afirmou ao jornal Correio que tem elementos o suficiente para comprovar o relatado na Revista Veja.<\/p>\n<p>A presidente da ONG disse que sofre com persegui\u00e7\u00f5es por militantes petistas e negou que tenha sido \u2018comprada\u2019 pela oposi\u00e7\u00e3o. Segundo a pr\u00f3pria, ela estaria em Barcelona, Espanha, e s\u00f3 voltaria ao Brasil assim que tiverem asseguradas a sua seguran\u00e7a e integridade f\u00edsica. Ela confirmou a presen\u00e7a do candidato ao governo do estado Rui Costa (PT) no esquema de desvio de dinheiro.<\/p>\n<p>\u201cRui Costa nunca constou na folha de pagamento, mas recebeu algumas vezes\u201d, escreveu, em email trocado com os jornalistas do Correio. Ela disse que o motivo pelo qual demorou de dizer tudo que sabia foi por ter passado por problemas muito graves de sa\u00fade, entre 2011 e meados de 2014. BN<\/p>\n","protected":false},"excerpt":{"rendered":"<p>Diante de acusa\u00e7\u00f5es dos petistas de que n\u00e3o haveria provas documentais para atestar irregularidades no Instituto Brasil, a principal delatora do suposto esquema de desvio p\u00fablico, Dalva Sele Paiva, afirmou ao jornal Correio que tem elementos o suficiente para comprovar o relatado na Revista Veja. A presidente da ONG disse que sofre com persegui\u00e7\u00f5es por [&hellip;]<\/p>\n","protected":false},"author":2,"featured_media":0,"comment_status":"open","ping_status":"open","sticky":false,"template":"","format":"standard","meta":{"footnotes":"","_links_to":"","_links_to_target":""},"categories":[1],"tags":[],"class_list":["post-42317","post","type-post","status-publish","format-standard","hentry","category-geral"],"views":1241,"_links":{"self":[{"href":"https:\/\/www.sudoestehoje.com.br\/novoportal\/wp-json\/wp\/v2\/posts\/42317","targetHints":{"allow":["GET"]}}],"collection":[{"href":"https:\/\/www.sudoestehoje.com.br\/novoportal\/wp-json\/wp\/v2\/posts"}],"about":[{"href":"https:\/\/www.sudoestehoje.com.br\/novoportal\/wp-json\/wp\/v2\/types\/post"}],"author":[{"embeddable":true,"href":"https:\/\/www.sudoestehoje.com.br\/novoportal\/wp-json\/wp\/v2\/users\/2"}],"replies":[{"embeddable":true,"href":"https:\/\/www.sudoestehoje.com.br\/novoportal\/wp-json\/wp\/v2\/comments?post=42317"}],"version-history":[{"count":1,"href":"https:\/\/www.sudoestehoje.com.br\/novoportal\/wp-json\/wp\/v2\/posts\/42317\/revisions"}],"predecessor-version":[{"id":42319,"href":"https:\/\/www.sudoestehoje.com.br\/novoportal\/wp-json\/wp\/v2\/posts\/42317\/revisions\/42319"}],"wp:attachment":[{"href":"https:\/\/www.sudoestehoje.com.br\/novoportal\/wp-json\/wp\/v2\/media?parent=42317"}],"wp:term":[{"taxonomy":"category","embeddable":true,"href":"https:\/\/www.sudoestehoje.com.br\/novoportal\/wp-json\/wp\/v2\/categories?post=42317"},{"taxonomy":"post_tag","embeddable":true,"href":"https:\/\/www.sudoestehoje.com.br\/novoportal\/wp-json\/wp\/v2\/tags?post=42317"}],"curies":[{"name":"wp","href":"https:\/\/api.w.org\/{rel}","templated":true}]}}