
{"id":4231,"date":"2011-04-09T10:50:47","date_gmt":"2011-04-09T13:50:47","guid":{"rendered":"http:\/\/www.sudoestehoje.com.br\/novoportal\/?p=4231"},"modified":"2011-04-09T10:50:47","modified_gmt":"2011-04-09T13:50:47","slug":"menina-de-ubata-entre-as-vitimas-do-massacre-de-realengo","status":"publish","type":"post","link":"https:\/\/www.sudoestehoje.com.br\/novoportal\/2011\/04\/09\/menina-de-ubata-entre-as-vitimas-do-massacre-de-realengo\/","title":{"rendered":"MENINA DE UBAT\u00c3 ENTRE AS V\u00cdTIMAS DO MASSACRE DE REALENGO"},"content":{"rendered":"<p style=\"text-align: center;\"><a href=\"http:\/\/www.politicalivre.com.br\/wp-content\/uploads\/2011\/04\/225698.jpg\"><img loading=\"lazy\" decoding=\"async\" class=\"aligncenter\" title=\"225698\" src=\"http:\/\/www.politicalivre.com.br\/wp-content\/uploads\/2011\/04\/225698-300x211.jpg\" alt=\"\" width=\"300\" height=\"211\" \/><\/a><\/p>\n<p style=\"text-align: center;\"><em><strong>Milena era da cidade de Ubat\u00e3, Sul da Bahia<\/strong><\/em><\/p>\n<p>\u00a0<\/p>\n<p>Com apenas seis meses de nascida, Milena dos Santos Nascimento, deixou a cidade baiana de Ubat\u00e3 (a 379 km de Salvador) para ir morar com os pais e as irm\u00e3s no bairro do Realengo, no Rio de Janeiro. Um beb\u00ea prematuro, que nasceu de seis meses, ela precisou lutar pela vida para se tornar a \u201cprincesinha\u201d da fam\u00edlia. Mas, na quinta-feira, teve a vida ceifada. O corpo de Milena foi sepultado nesta sexta-feira, no Cemit\u00e9rio do Murundu. \u201cMilena teve sorte de vingar. Sobreviveu por milagre e foi arrancada de n\u00f3s por este homem louco\u201d, diz, emocionada, a tia Marta Nascimento.<\/p>\n<p>Milena, de 14 anos, n\u00e3o teve mesma sorte de suas irm\u00e3s, Helena, de 12, e Tain\u00e1, de 16, que estavam na escola mas escaparam. Ela morreu com um tiro na cabe\u00e7a. Tain\u00e1 estava na sala ao lado e escapou porque o professor conseguiu trancar a porta. Helena estava no terceiro andar, onde o atirador n\u00e3o chegou. (A Tarde)<\/p>\n","protected":false},"excerpt":{"rendered":"<p>Milena era da cidade de Ubat\u00e3, Sul da Bahia \u00a0 Com apenas seis meses de nascida, Milena dos Santos Nascimento, deixou a cidade baiana de Ubat\u00e3 (a 379 km de Salvador) para ir morar com os pais e as irm\u00e3s no bairro do Realengo, no Rio de Janeiro. Um beb\u00ea prematuro, que nasceu de seis [&hellip;]<\/p>\n","protected":false},"author":2,"featured_media":0,"comment_status":"open","ping_status":"open","sticky":false,"template":"","format":"standard","meta":{"footnotes":"","_links_to":"","_links_to_target":""},"categories":[1],"tags":[],"class_list":["post-4231","post","type-post","status-publish","format-standard","hentry","category-geral"],"views":3061,"_links":{"self":[{"href":"https:\/\/www.sudoestehoje.com.br\/novoportal\/wp-json\/wp\/v2\/posts\/4231","targetHints":{"allow":["GET"]}}],"collection":[{"href":"https:\/\/www.sudoestehoje.com.br\/novoportal\/wp-json\/wp\/v2\/posts"}],"about":[{"href":"https:\/\/www.sudoestehoje.com.br\/novoportal\/wp-json\/wp\/v2\/types\/post"}],"author":[{"embeddable":true,"href":"https:\/\/www.sudoestehoje.com.br\/novoportal\/wp-json\/wp\/v2\/users\/2"}],"replies":[{"embeddable":true,"href":"https:\/\/www.sudoestehoje.com.br\/novoportal\/wp-json\/wp\/v2\/comments?post=4231"}],"version-history":[{"count":2,"href":"https:\/\/www.sudoestehoje.com.br\/novoportal\/wp-json\/wp\/v2\/posts\/4231\/revisions"}],"predecessor-version":[{"id":4233,"href":"https:\/\/www.sudoestehoje.com.br\/novoportal\/wp-json\/wp\/v2\/posts\/4231\/revisions\/4233"}],"wp:attachment":[{"href":"https:\/\/www.sudoestehoje.com.br\/novoportal\/wp-json\/wp\/v2\/media?parent=4231"}],"wp:term":[{"taxonomy":"category","embeddable":true,"href":"https:\/\/www.sudoestehoje.com.br\/novoportal\/wp-json\/wp\/v2\/categories?post=4231"},{"taxonomy":"post_tag","embeddable":true,"href":"https:\/\/www.sudoestehoje.com.br\/novoportal\/wp-json\/wp\/v2\/tags?post=4231"}],"curies":[{"name":"wp","href":"https:\/\/api.w.org\/{rel}","templated":true}]}}