
{"id":42305,"date":"2014-09-23T23:18:46","date_gmt":"2014-09-24T02:18:46","guid":{"rendered":"http:\/\/www.sudoestehoje.com.br\/novoportal\/?p=42305"},"modified":"2014-09-23T23:25:23","modified_gmt":"2014-09-24T02:25:23","slug":"foco-no-poder-11","status":"publish","type":"post","link":"https:\/\/www.sudoestehoje.com.br\/novoportal\/2014\/09\/23\/foco-no-poder-11\/","title":{"rendered":"FOCO NO PODER"},"content":{"rendered":"<div id=\"yui_3_16_0_1_1411522575108_17715\" class=\"thread-item expanded\" tabindex=\"0\" data-mid=\"_AH4aDUwAAA\/6VCBrRQAAAJ2kt6Y\" data-action=\"select-thread\">\n<div id=\"yui_3_16_0_1_1411522575108_17795\" class=\"thread-body\">\n<div id=\"yui_3_16_0_1_1411522575108_17799\" class=\"body undoreset\" tabindex=\"0\">\n<div id=\"yiv1262077051\">\n<div id=\"yui_3_16_0_1_1411522575108_17798\">\n<div id=\"yui_3_16_0_1_1411522575108_17797\">\n<div class=\"yiv1262077051\"><a href=\"http:\/\/www.sudoestehoje.com.br\/novoportal\/wp-content\/uploads\/2014\/09\/foco-no-poder.jpg\"><img loading=\"lazy\" decoding=\"async\" class=\"aligncenter size-medium wp-image-42306\" src=\"http:\/\/www.sudoestehoje.com.br\/novoportal\/wp-content\/uploads\/2014\/09\/foco-no-poder-500x185.jpg\" alt=\"foco-no-poder\" width=\"500\" height=\"185\" srcset=\"https:\/\/www.sudoestehoje.com.br\/novoportal\/wp-content\/uploads\/2014\/09\/foco-no-poder-500x185.jpg 500w, https:\/\/www.sudoestehoje.com.br\/novoportal\/wp-content\/uploads\/2014\/09\/foco-no-poder-700x259.jpg 700w, https:\/\/www.sudoestehoje.com.br\/novoportal\/wp-content\/uploads\/2014\/09\/foco-no-poder-150x55.jpg 150w, https:\/\/www.sudoestehoje.com.br\/novoportal\/wp-content\/uploads\/2014\/09\/foco-no-poder.jpg 960w\" sizes=\"auto, (max-width: 500px) 100vw, 500px\" \/><\/a><\/div>\n<div class=\"yiv1262077051\"><\/div>\n<div id=\"yui_3_16_0_1_1411522575108_17832\" class=\"yiv1262077051\"><em><span id=\"yui_3_16_0_1_1411522575108_18095\" class=\"yiv1262077051\"><span id=\"yui_3_16_0_1_1411522575108_18094\" class=\"yiv1262077051\"><strong>Por Dilvan Coelho<\/strong><\/span><\/span><\/em><\/div>\n<div class=\"yiv1262077051\"><\/div>\n<div id=\"yui_3_16_0_1_1411522575108_18092\" class=\"yiv1262077051\"><em>Faltam doze dias para a elei\u00e7\u00e3o<\/em><\/div>\n<div id=\"yui_3_16_0_1_1411522575108_18104\" class=\"yiv1262077051\">\n<p>Est\u00e1 chegando a reta final e a elei\u00e7\u00e3o presidencial ainda n\u00e3o est\u00e1 definida. Tanto Dilma pode ganhar como Marina tamb\u00e9m; A\u00e9cio ainda corre por fora tentando alcan\u00e7ar as duas pra chegar no segundo turno, mas \u00e9 pouco prov\u00e1vel. J\u00e1 na Bahia, est\u00e1 cada vez mais dif\u00edcil Rui Costa alcan\u00e7ar Paulo Souto e conseguir levar a elei\u00e7\u00e3o para o segundo turno, mesmo porque Marina n\u00e3o conseguiu arrastar L\u00eddice da Mata. ACM Neto, o maior cabo eleitoral da oposi\u00e7\u00e3o, est\u00e1 na campanha de Paulo Souto tentando liquidar a elei\u00e7\u00e3o no primeiro turno. A zebra que poder\u00e1 ocorrer \u00e9 Otto Alencar ganhar a elei\u00e7\u00e3o de Geddel, que largou como favorito e est\u00e1 vendo sua elei\u00e7\u00e3o amea\u00e7ada devido ao crescimento surpreendente de Otto na reta final.<\/p>\n<p><em>Tim\u00f3teo Brito ser\u00e1 bem votado no Sudoeste<\/em><\/p>\n<p>Depois de ter sido eleito duas vezes prefeito de Teixeira de Freitas e duas vezes deputado estadual, basicamente com os votos do Extremo Sul da Bahia, Tim\u00f3teo retorna a sua regi\u00e3o de origem, que \u00e9 Itapetinga, e sua candidatura ganhou for\u00e7a em cinco cidades: Itapetinga, Maiquinique, Itarantim, Potiragu\u00e1 e Ibicu\u00ed, sem falar das outras que tamb\u00e9m ter\u00e1 vota\u00e7\u00e3o menos expressiva, como Itoror\u00f3, Itamb\u00e9, Macarani e Cassil\u00e2ndia. Tim\u00f3teo tem levado uma proposta de desenvolvimento econ\u00f4mico e social para ajudar a regi\u00e3o se desenvolver baseada no Cooperativismo e no Associativismo como aconteceu em Teixeira na d\u00e9cada de 70, quando a cidade ainda era um pequeno povoado, com isso, implantou os pilares do desenvolvimento daquela regi\u00e3o baseado na diversifica\u00e7\u00e3o da produ\u00e7\u00e3o agr\u00edcola.<\/p>\n<p><em>Candidatos est\u00e3o com as barbas de molho<\/em><\/p>\n<p>O TSE cassou a candidatura a deputado estadual do capit\u00e3o Azevedo, ex-prefeito de Itabuna, por ter suas contas rejeitadas pelo TCM da Bahia, baseada na Lei da Ficha Limpa, quando ele estava \u00e0 frente da gest\u00e3o do munic\u00edpio. A decis\u00e3o foi publicada no dia 19 de setembro, por\u00e9m, ainda cabe recurso. Depois desta decis\u00e3o, muitos candidatos colocaram as barbas de molho porque est\u00e3o na mesma situa\u00e7\u00e3o, como \u00e9 o caso do ex-prefeito de Nova Vi\u00e7osa, o Robinho, e o de Eun\u00e1polis, Rob\u00e9rio Oliveira, que tamb\u00e9m s\u00e3o candidatos a deputado estadual.<\/p>\n<p><em>Na reta final esc\u00e2ndalo abala Rui Costa<\/em><\/p>\n<p>Depois que foi divulgado na revista \u201cVeja\u201d, na edi\u00e7\u00e3o da \u00faltima semana, uma acusa\u00e7\u00e3o contra o candidato ao governo do Estado Rui Costa com suposto envolvimento de desvio de recursos do programa da constru\u00e7\u00e3o de casas populares no valor de 50 milh\u00f5es de reais, e divulgado em toda imprensa, certamente a candidatura de Rui Costa sofrer\u00e1 um abalo significativo. Entretanto, o candidato ainda n\u00e3o negou o envolvimento, resta ao acusador apresentar o \u00f4nus da prova do crime, sen\u00e3o passa a ser uma acusa\u00e7\u00e3o leviana, e at\u00e9 mesmo a cria\u00e7\u00e3o de um factoide com fins eleitoreiros para desestabilizar a candidatura governista. Vamos aguardar o desenrolar dos fatos e o resultado da pr\u00f3xima pesquisa para saber se realmente abalou a candidatura governo<\/p>\n<\/div>\n<\/div>\n<\/div>\n<\/div>\n<\/div>\n<\/div>\n<\/div>\n<p><!--more--><\/p>\n","protected":false},"excerpt":{"rendered":"<p>Por Dilvan Coelho Faltam doze dias para a elei\u00e7\u00e3o Est\u00e1 chegando a reta final e a elei\u00e7\u00e3o presidencial ainda n\u00e3o est\u00e1 definida. Tanto Dilma pode ganhar como Marina tamb\u00e9m; A\u00e9cio ainda corre por fora tentando alcan\u00e7ar as duas pra chegar no segundo turno, mas \u00e9 pouco prov\u00e1vel. J\u00e1 na Bahia, est\u00e1 cada vez mais dif\u00edcil [&hellip;]<\/p>\n","protected":false},"author":2,"featured_media":0,"comment_status":"open","ping_status":"open","sticky":false,"template":"","format":"standard","meta":{"footnotes":"","_links_to":"","_links_to_target":""},"categories":[1],"tags":[],"class_list":["post-42305","post","type-post","status-publish","format-standard","hentry","category-geral"],"views":1199,"_links":{"self":[{"href":"https:\/\/www.sudoestehoje.com.br\/novoportal\/wp-json\/wp\/v2\/posts\/42305","targetHints":{"allow":["GET"]}}],"collection":[{"href":"https:\/\/www.sudoestehoje.com.br\/novoportal\/wp-json\/wp\/v2\/posts"}],"about":[{"href":"https:\/\/www.sudoestehoje.com.br\/novoportal\/wp-json\/wp\/v2\/types\/post"}],"author":[{"embeddable":true,"href":"https:\/\/www.sudoestehoje.com.br\/novoportal\/wp-json\/wp\/v2\/users\/2"}],"replies":[{"embeddable":true,"href":"https:\/\/www.sudoestehoje.com.br\/novoportal\/wp-json\/wp\/v2\/comments?post=42305"}],"version-history":[{"count":5,"href":"https:\/\/www.sudoestehoje.com.br\/novoportal\/wp-json\/wp\/v2\/posts\/42305\/revisions"}],"predecessor-version":[{"id":42311,"href":"https:\/\/www.sudoestehoje.com.br\/novoportal\/wp-json\/wp\/v2\/posts\/42305\/revisions\/42311"}],"wp:attachment":[{"href":"https:\/\/www.sudoestehoje.com.br\/novoportal\/wp-json\/wp\/v2\/media?parent=42305"}],"wp:term":[{"taxonomy":"category","embeddable":true,"href":"https:\/\/www.sudoestehoje.com.br\/novoportal\/wp-json\/wp\/v2\/categories?post=42305"},{"taxonomy":"post_tag","embeddable":true,"href":"https:\/\/www.sudoestehoje.com.br\/novoportal\/wp-json\/wp\/v2\/tags?post=42305"}],"curies":[{"name":"wp","href":"https:\/\/api.w.org\/{rel}","templated":true}]}}