
{"id":42282,"date":"2014-09-23T23:36:14","date_gmt":"2014-09-24T02:36:14","guid":{"rendered":"http:\/\/www.sudoestehoje.com.br\/novoportal\/?p=42282"},"modified":"2014-09-23T23:26:43","modified_gmt":"2014-09-24T02:26:43","slug":"dilma-cai-para-36-marina-desce-para-274-e-aecio-sobe-para-176","status":"publish","type":"post","link":"https:\/\/www.sudoestehoje.com.br\/novoportal\/2014\/09\/23\/dilma-cai-para-36-marina-desce-para-274-e-aecio-sobe-para-176\/","title":{"rendered":"DILMA CAI PARA 36%, MARINA DESCE PARA 27,4% E \u00c1ECIO SOBE PARA 17,6%"},"content":{"rendered":"<p><a href=\"http:\/\/www.sudoestehoje.com.br\/novoportal\/wp-content\/uploads\/2014\/09\/cnt.jpg\"><img loading=\"lazy\" decoding=\"async\" class=\"aligncenter size-medium wp-image-42288\" src=\"http:\/\/www.sudoestehoje.com.br\/novoportal\/wp-content\/uploads\/2014\/09\/cnt-500x333.jpg\" alt=\"cnt\" width=\"500\" height=\"333\" srcset=\"https:\/\/www.sudoestehoje.com.br\/novoportal\/wp-content\/uploads\/2014\/09\/cnt-500x333.jpg 500w, https:\/\/www.sudoestehoje.com.br\/novoportal\/wp-content\/uploads\/2014\/09\/cnt-150x99.jpg 150w, https:\/\/www.sudoestehoje.com.br\/novoportal\/wp-content\/uploads\/2014\/09\/cnt.jpg 620w\" sizes=\"auto, (max-width: 500px) 100vw, 500px\" \/><\/a><\/p>\n<p>Pesquisa CNT\/MDA divulgada nesta ter\u00e7a-feira (23) mostra que a presidente Dilma oscilou de 38,1% para 36% das inten\u00e7\u00f5es de voto, mas Marina caiu de 33,5% para 27,4% na compara\u00e7\u00e3o para a sondagem divulgada do dia 9 de setembro. O candidato do PSDB, A\u00e9cio Neves, subiu de 14,7% para 17,6%.<\/p>\n<p>No principal cen\u00e1rio de disputa para segundo turno, Dilma tem 42% contra 41% de Marina, empatadas tecnicamente. No levantamento anterior, Marina e Dilma tamb\u00e9m estavam tecnicamente empatadas, a candidata do PSB tinha 45,5% contra 42,7% da petista. Na disputa entre Dilma e A\u00e9cio, a presidente se reelegeria com 45,5% contra 36,5% do tucano.<\/p>\n<p>Na \u00faltima pesquisa, Dilma tinha 47,5% e o tucano, 33,7%.\u00a0Segundo a CNT, foram entrevistadas 2.002 pessoas, em 137 munic\u00edpios de 25 unidades federativas das cinco regi\u00f5es do Pa\u00eds, nos dias 20 e 21 de setembro. A margem de erro da pesquisa \u00e9 de 2,2 pontos porcentuais para mais ou para menos. A pesquisa foi registrada no Tribunal Superior Eleitoral sob o n\u00famero BR-00753\/2014.<\/p>\n","protected":false},"excerpt":{"rendered":"<p>Pesquisa CNT\/MDA divulgada nesta ter\u00e7a-feira (23) mostra que a presidente Dilma oscilou de 38,1% para 36% das inten\u00e7\u00f5es de voto, mas Marina caiu de 33,5% para 27,4% na compara\u00e7\u00e3o para a sondagem divulgada do dia 9 de setembro. O candidato do PSDB, A\u00e9cio Neves, subiu de 14,7% para 17,6%. No principal cen\u00e1rio de disputa para [&hellip;]<\/p>\n","protected":false},"author":2,"featured_media":0,"comment_status":"open","ping_status":"open","sticky":false,"template":"","format":"standard","meta":{"footnotes":"","_links_to":"","_links_to_target":""},"categories":[1],"tags":[],"class_list":["post-42282","post","type-post","status-publish","format-standard","hentry","category-geral"],"views":1179,"_links":{"self":[{"href":"https:\/\/www.sudoestehoje.com.br\/novoportal\/wp-json\/wp\/v2\/posts\/42282","targetHints":{"allow":["GET"]}}],"collection":[{"href":"https:\/\/www.sudoestehoje.com.br\/novoportal\/wp-json\/wp\/v2\/posts"}],"about":[{"href":"https:\/\/www.sudoestehoje.com.br\/novoportal\/wp-json\/wp\/v2\/types\/post"}],"author":[{"embeddable":true,"href":"https:\/\/www.sudoestehoje.com.br\/novoportal\/wp-json\/wp\/v2\/users\/2"}],"replies":[{"embeddable":true,"href":"https:\/\/www.sudoestehoje.com.br\/novoportal\/wp-json\/wp\/v2\/comments?post=42282"}],"version-history":[{"count":5,"href":"https:\/\/www.sudoestehoje.com.br\/novoportal\/wp-json\/wp\/v2\/posts\/42282\/revisions"}],"predecessor-version":[{"id":42289,"href":"https:\/\/www.sudoestehoje.com.br\/novoportal\/wp-json\/wp\/v2\/posts\/42282\/revisions\/42289"}],"wp:attachment":[{"href":"https:\/\/www.sudoestehoje.com.br\/novoportal\/wp-json\/wp\/v2\/media?parent=42282"}],"wp:term":[{"taxonomy":"category","embeddable":true,"href":"https:\/\/www.sudoestehoje.com.br\/novoportal\/wp-json\/wp\/v2\/categories?post=42282"},{"taxonomy":"post_tag","embeddable":true,"href":"https:\/\/www.sudoestehoje.com.br\/novoportal\/wp-json\/wp\/v2\/tags?post=42282"}],"curies":[{"name":"wp","href":"https:\/\/api.w.org\/{rel}","templated":true}]}}