
{"id":42279,"date":"2014-09-23T23:26:57","date_gmt":"2014-09-24T02:26:57","guid":{"rendered":"http:\/\/www.sudoestehoje.com.br\/novoportal\/?p=42279"},"modified":"2014-09-23T23:27:57","modified_gmt":"2014-09-24T02:27:57","slug":"novidade-ze-carlos-diz-a-blog-em-conquista-que-nao-sabe-de-nada","status":"publish","type":"post","link":"https:\/\/www.sudoestehoje.com.br\/novoportal\/2014\/09\/23\/novidade-ze-carlos-diz-a-blog-em-conquista-que-nao-sabe-de-nada\/","title":{"rendered":"NOVIDADE! Z\u00c9 CARLOS DIZ A BLOG EM CONQUISTA QUE N\u00c3O SABE DE NADA"},"content":{"rendered":"<p><a href=\"http:\/\/www.sudoestehoje.com.br\/novoportal\/wp-content\/uploads\/2014\/09\/zecarlos.jpg\"><img loading=\"lazy\" decoding=\"async\" class=\"aligncenter size-medium wp-image-42280\" src=\"http:\/\/www.sudoestehoje.com.br\/novoportal\/wp-content\/uploads\/2014\/09\/zecarlos-500x331.jpg\" alt=\"zecarlos\" width=\"500\" height=\"331\" srcset=\"https:\/\/www.sudoestehoje.com.br\/novoportal\/wp-content\/uploads\/2014\/09\/zecarlos-500x331.jpg 500w, https:\/\/www.sudoestehoje.com.br\/novoportal\/wp-content\/uploads\/2014\/09\/zecarlos-150x99.jpg 150w, https:\/\/www.sudoestehoje.com.br\/novoportal\/wp-content\/uploads\/2014\/09\/zecarlos.jpg 600w\" sizes=\"auto, (max-width: 500px) 100vw, 500px\" \/><\/a><\/p>\n<p>Entrevistado pelo Blog de Anderson, durante com\u00edcio do PT em Vit\u00f3ria da Conquista, o prefeito de Itapetinga falou sobre a sucess\u00e3o municipal de 2016, admitindo que <em>n\u00e3o sabe de nada<\/em> e que a escolha do seu sucessor ser\u00e1 feita &#8220;por elimina\u00e7\u00e3o&#8221;, t\u00e1tica pol\u00edtica burra, adotada desde o in\u00edcio do seu primeiro mandato, que resultou na divis\u00e3o do grupo e consequente esfacelamento da sua base de apoio. Confira a entrevista completa do confuso prefeito:<\/p>\n<p><em>BLOG DO ANDERSON: &#8220;Quanto a mim, tudo que eu sei \u00e9 que eu n\u00e3o sei nada\u201d,<\/em> eis a frase do fil\u00f3sofo grego S\u00f3crates que inspirou uma resposta do prefeito de Itapetinga, Jos\u00e9 Carlos Cruz Cerqueira Moura (PT), quando indagado pelo Blog do Anderson sobre nomes para a sua sucess\u00e3o daqui a dois anos. \u201c<em>Eu vou por elimina\u00e7\u00e3o. Eu sei quem n\u00e3o vai ser, mas quem vai ser eu n\u00e3o sei\u201d<\/em>, disse na noite da \u00faltima sexta-feira (19), quando participou do com\u00edcio de Rui Costa, em Conquista.<em> \u201cN\u00e3o, n\u00e3o. Uma coisa de cada vez, vamos nos preocupar agora com a majorit\u00e1ria. Preocupar n\u00e3o, vamos nos empenhar pela majorit\u00e1ria e depois disso, come\u00e7ar a discutir com as nossas bases aquele nome que re\u00fane mais condi\u00e7\u00f5es para dar prosseguimento ao trabalho que gra\u00e7as a Deus eu iniciei e que pretendemos dar continuidade\u201d,<\/em> afirmou. Segundo Z\u00e9 Carlos Moura, como \u00e9 conhecido o gestor municipal, a oposi\u00e7\u00e3o nunca lhe perturba.<!--more--><\/p>\n<p><em>\u201cN\u00f3s temos argumento, o que n\u00f3s temos feito supera qualquer cr\u00edtica da oposi\u00e7\u00e3o\u201d,<\/em>comentou o petista. Para ele o seu candidato ao Governo Baiano, o petista Rui Costa, vence as urnas em Itapetinga <em>\u201csem sombra de d\u00favidas\u201d, \u201cN\u00f3s vamos dar dois votos: o voto de agradecimento ao governador Wagner e outro voto de esperan\u00e7a a Rui, para que ele continue fazendo o trabalho pela regi\u00e3o como Wagner fez por Itapetinga e por toda regi\u00e3o. Tenho certeza que o pr\u00f3ximo final de semana, possivelmente, n\u00e3o est\u00e1 confirmado, dia 26 ser\u00e1 nossa manifesta\u00e7\u00e3o l\u00e1 e toda regi\u00e3o estar\u00e1 concentrada em Itapetinga para a grande festa esperando Rui, o governador Wagner, e os representantes da C\u00e2mara Federal, Assembleia e o [candidato] senador Otto Alencar\u201d,<\/em> complementa. Na reportagem o gestor aproveitou para falar dos projetos em andamento na cidade.<\/p>\n<p><em>\u201cN\u00f3s come\u00e7amos o DPT [Departamento de Pol\u00edcia T\u00e9cnica] e IML [Instituto M\u00e9dico Legal], estamos com a Cl\u00ednica de Hemodi\u00e1lise, que \u00e9 um grupo de Conquista. Ontem [quinta-feira, 18 de setembro] inauguramos praticamente um bairro novo no distrito de Bandeira do Col\u00f4nia e estamos continuando trabalhando. Procurando pagar o pessoal em dia e mantendo a administra\u00e7\u00e3o regular. Deixando qualquer pessoa, quaisquer cr\u00edticas que s\u00e3o infundadas, muitas vezes, porque ningu\u00e9m vem pro debate para discutir n\u00fameros, quem fez mais, quem fez menos. N\u00f3s estamos indo para o sexto ano e desafio qualquer um em quem fez mais em menos tempo do que a atual administra\u00e7\u00e3o\u201d,<\/em> completou.<\/p>\n","protected":false},"excerpt":{"rendered":"<p>Entrevistado pelo Blog de Anderson, durante com\u00edcio do PT em Vit\u00f3ria da Conquista, o prefeito de Itapetinga falou sobre a sucess\u00e3o municipal de 2016, admitindo que n\u00e3o sabe de nada e que a escolha do seu sucessor ser\u00e1 feita &#8220;por elimina\u00e7\u00e3o&#8221;, t\u00e1tica pol\u00edtica burra, adotada desde o in\u00edcio do seu primeiro mandato, que resultou na [&hellip;]<\/p>\n","protected":false},"author":2,"featured_media":0,"comment_status":"open","ping_status":"open","sticky":false,"template":"","format":"standard","meta":{"footnotes":"","_links_to":"","_links_to_target":""},"categories":[1],"tags":[],"class_list":["post-42279","post","type-post","status-publish","format-standard","hentry","category-geral"],"views":1338,"_links":{"self":[{"href":"https:\/\/www.sudoestehoje.com.br\/novoportal\/wp-json\/wp\/v2\/posts\/42279","targetHints":{"allow":["GET"]}}],"collection":[{"href":"https:\/\/www.sudoestehoje.com.br\/novoportal\/wp-json\/wp\/v2\/posts"}],"about":[{"href":"https:\/\/www.sudoestehoje.com.br\/novoportal\/wp-json\/wp\/v2\/types\/post"}],"author":[{"embeddable":true,"href":"https:\/\/www.sudoestehoje.com.br\/novoportal\/wp-json\/wp\/v2\/users\/2"}],"replies":[{"embeddable":true,"href":"https:\/\/www.sudoestehoje.com.br\/novoportal\/wp-json\/wp\/v2\/comments?post=42279"}],"version-history":[{"count":4,"href":"https:\/\/www.sudoestehoje.com.br\/novoportal\/wp-json\/wp\/v2\/posts\/42279\/revisions"}],"predecessor-version":[{"id":42296,"href":"https:\/\/www.sudoestehoje.com.br\/novoportal\/wp-json\/wp\/v2\/posts\/42279\/revisions\/42296"}],"wp:attachment":[{"href":"https:\/\/www.sudoestehoje.com.br\/novoportal\/wp-json\/wp\/v2\/media?parent=42279"}],"wp:term":[{"taxonomy":"category","embeddable":true,"href":"https:\/\/www.sudoestehoje.com.br\/novoportal\/wp-json\/wp\/v2\/categories?post=42279"},{"taxonomy":"post_tag","embeddable":true,"href":"https:\/\/www.sudoestehoje.com.br\/novoportal\/wp-json\/wp\/v2\/tags?post=42279"}],"curies":[{"name":"wp","href":"https:\/\/api.w.org\/{rel}","templated":true}]}}