
{"id":42259,"date":"2014-09-22T22:22:29","date_gmt":"2014-09-23T01:22:29","guid":{"rendered":"http:\/\/www.sudoestehoje.com.br\/novoportal\/?p=42259"},"modified":"2014-09-22T22:22:29","modified_gmt":"2014-09-23T01:22:29","slug":"wagner-elogia-fhc-e-defende-marina","status":"publish","type":"post","link":"https:\/\/www.sudoestehoje.com.br\/novoportal\/2014\/09\/22\/wagner-elogia-fhc-e-defende-marina\/","title":{"rendered":"WAGNER ELOGIA FHC E DEFENDE MARINA"},"content":{"rendered":"<p><a href=\"http:\/\/www.sudoestehoje.com.br\/novoportal\/wp-content\/uploads\/2014\/09\/WAGNER-E-MARINA.jpg\"><img loading=\"lazy\" decoding=\"async\" class=\"aligncenter  wp-image-42262\" src=\"http:\/\/www.sudoestehoje.com.br\/novoportal\/wp-content\/uploads\/2014\/09\/WAGNER-E-MARINA.jpg\" alt=\"WAGNER E MARINA\" width=\"422\" height=\"311\" srcset=\"https:\/\/www.sudoestehoje.com.br\/novoportal\/wp-content\/uploads\/2014\/09\/WAGNER-E-MARINA.jpg 380w, https:\/\/www.sudoestehoje.com.br\/novoportal\/wp-content\/uploads\/2014\/09\/WAGNER-E-MARINA-150x110.jpg 150w\" sizes=\"auto, (max-width: 422px) 100vw, 422px\" \/><\/a><\/p>\n<p>O governador da Bahia, Jaques Wagner (PT), afirmou que o Brasil ficou &#8220;infinitamente melhor&#8221; depois dos governos petistas de Dilma Rousseff e Lula e do tucano Fernando Henrique Cardoso. A fala contradiz a postura do partido, que tenta creditar ao governo FHC recess\u00e3o, desemprego e submiss\u00e3o aos bancos desde a posse de Lula como presidente, em 2003.<\/p>\n<p><em> &#8220;Podem falar dos erros do PT, mas o Brasil est\u00e1 infinitamente melhor. Assim como ficou infinitamente melhor depois de Fernando Henrique, para n\u00e3o dizer que eu acho que o Brasil come\u00e7ou com o PT&#8221;<\/em>, disse Wagner.<\/p>\n<p>O petista tamb\u00e9m elogiou a rival de Dilma, Marina Silva (PSB), ao defender que ela n\u00e3o merece ser desqualificada pela campanha da atual presidente, que estaria propagando o &#8220;medo&#8221; no eleitor sobre um poss\u00edvel governo de Marina. <em>&#8220;Eu tenho maior carinho e respeito por ela, por isso acho que n\u00e3o tem que desqualificar. Ela n\u00e3o tem que meter medo a ningu\u00e9m. As pessoas t\u00eam que comparar os projetos das duas&#8221;<\/em>, disse.<\/p>\n<p>Mesmo assim, Wagner criticou a falta de um projeto de governo consolidado da candidata do PSB: &#8220;[Marina] N\u00e3o conseguiu apresentar um projeto, ela apresenta conceitos. Por isso, vou votar na Dilma&#8221;, finalizou. Informa\u00e7\u00f5es da Folha de S. Paulo.<\/p>\n","protected":false},"excerpt":{"rendered":"<p>O governador da Bahia, Jaques Wagner (PT), afirmou que o Brasil ficou &#8220;infinitamente melhor&#8221; depois dos governos petistas de Dilma Rousseff e Lula e do tucano Fernando Henrique Cardoso. A fala contradiz a postura do partido, que tenta creditar ao governo FHC recess\u00e3o, desemprego e submiss\u00e3o aos bancos desde a posse de Lula como presidente, [&hellip;]<\/p>\n","protected":false},"author":2,"featured_media":0,"comment_status":"open","ping_status":"open","sticky":false,"template":"","format":"standard","meta":{"footnotes":"","_links_to":"","_links_to_target":""},"categories":[1],"tags":[],"class_list":["post-42259","post","type-post","status-publish","format-standard","hentry","category-geral"],"views":1212,"_links":{"self":[{"href":"https:\/\/www.sudoestehoje.com.br\/novoportal\/wp-json\/wp\/v2\/posts\/42259","targetHints":{"allow":["GET"]}}],"collection":[{"href":"https:\/\/www.sudoestehoje.com.br\/novoportal\/wp-json\/wp\/v2\/posts"}],"about":[{"href":"https:\/\/www.sudoestehoje.com.br\/novoportal\/wp-json\/wp\/v2\/types\/post"}],"author":[{"embeddable":true,"href":"https:\/\/www.sudoestehoje.com.br\/novoportal\/wp-json\/wp\/v2\/users\/2"}],"replies":[{"embeddable":true,"href":"https:\/\/www.sudoestehoje.com.br\/novoportal\/wp-json\/wp\/v2\/comments?post=42259"}],"version-history":[{"count":3,"href":"https:\/\/www.sudoestehoje.com.br\/novoportal\/wp-json\/wp\/v2\/posts\/42259\/revisions"}],"predecessor-version":[{"id":42263,"href":"https:\/\/www.sudoestehoje.com.br\/novoportal\/wp-json\/wp\/v2\/posts\/42259\/revisions\/42263"}],"wp:attachment":[{"href":"https:\/\/www.sudoestehoje.com.br\/novoportal\/wp-json\/wp\/v2\/media?parent=42259"}],"wp:term":[{"taxonomy":"category","embeddable":true,"href":"https:\/\/www.sudoestehoje.com.br\/novoportal\/wp-json\/wp\/v2\/categories?post=42259"},{"taxonomy":"post_tag","embeddable":true,"href":"https:\/\/www.sudoestehoje.com.br\/novoportal\/wp-json\/wp\/v2\/tags?post=42259"}],"curies":[{"name":"wp","href":"https:\/\/api.w.org\/{rel}","templated":true}]}}